{"id":161,"date":"2025-06-18T12:15:26","date_gmt":"2025-06-18T17:15:26","guid":{"rendered":"https:\/\/www.caminosalkantay.com\/blog\/?p=161"},"modified":"2026-02-20T17:15:13","modified_gmt":"2026-02-20T22:15:13","slug":"junio-en-cusco-desfiles-cultura-viva-y-fiestas-imperdibles","status":"publish","type":"post","link":"https:\/\/www.caminosalkantay.com\/blog\/junio-en-cusco-desfiles-cultura-viva-y-fiestas-imperdibles\/","title":{"rendered":"Junio en Cusco: desfiles, cultura viva y fiestas imperdibles"},"content":{"rendered":"\n<p>\u00bfPlaneas visitar Cusco en junio? Prep\u00e1rate para1 una de las \u00e9pocas m\u00e1s especiales del a\u00f1o. Conocido como el Mes Jubilar, junio transforma la ciudad con danzas tradicionales, desfiles coloridos, rituales ancestrales y sabores t\u00edpicos que solo se disfrutan en esta temporada.<\/p>\n\n\n\n<p>Desde el ic\u00f3nico Inti Raymi hasta Corpus Christi y muchas otras celebraciones, este es el momento en que Cusco muestra toda su energ\u00eda cultural. Aqu\u00ed te contamos los eventos que hacen de junio una oportunidad \u00fanica para conectar con las tradiciones m\u00e1s profundas de la ciudad.<\/p>\n\n\n\n<div class=\"wp-block-yoast-seo-table-of-contents yoast-table-of-contents anchor-links\"><ul><li><a href=\"#h-concurso-de-danzas-tradicionales-del-cusco-nbsp\" data-level=\"2\">Concurso de danzas tradicionales del Cusco\u00a0<\/a><\/li><li><a href=\"#h-desfile-de-alegorias-de-la-escuela-de-bellas-artes-cusco\" data-level=\"2\">Desfile de Alegor\u00edas de la Escuela de Bellas Artes Cusco<\/a><\/li><li><a href=\"#h-peregrinacion-al-senor-de-qoyllur-rit-i\" data-level=\"2\">Peregrinaci\u00f3n al Se\u00f1or de Qoyllur Rit\u2019i<\/a><\/li><li><a href=\"#h-corpus-christi\" data-level=\"2\">Corpus Christi<\/a><\/li><li><a href=\"#h-luces-y-sonidos-de-cusco\" data-level=\"2\">Luces y Sonidos de Cusco<\/a><\/li><li><a href=\"#h-inti-raymi\" data-level=\"2\">Inti Raymi<\/a><\/li><li><a href=\"#h-cusco-en-junio-una-oportunidad-para-vivir-su-cultura\" data-level=\"2\">Cusco en junio: una oportunidad para vivir su cultura<\/a><\/li><li><a href=\"#h-preguntas-frecuentes\" data-level=\"2\">Preguntas Frecuentes<\/a><\/li><\/ul><\/div>\n\n\n\n<h2 class=\"wp-block-heading\" id=\"h-concurso-de-danzas-tradicionales-del-cusco-nbsp\">Concurso de danzas tradicionales del Cusco&nbsp;<\/h2>\n\n\n\n<ul class=\"wp-block-list\">\n<li>Fechas: del 09 de junio al 17 de junio de 2025<\/li>\n\n\n\n<li>Lugar: Plaza de Armas de Cusco<\/li>\n<\/ul>\n\n\n\n<p>Durante el Mes Jubilar, las celebraciones en Cusco se llenan de ritmo, color y tradici\u00f3n. Uno de los eventos m\u00e1s esperados es el <strong>Concurso de Danzas Tradicionales<\/strong>, que re\u00fane a cientos de bailarines en la Plaza de Armas, todos con trajes t\u00edpicos andinos cargados de historia y simbolismo.<\/p>\n\n\n\n<p>A lo largo de la semana, se presentan diversas categor\u00edas: desde jardines de infancia y escuelas primarias hasta colegios, institutos y universidades. Cada grupo representa a su instituci\u00f3n y compite con entusiasmo por ser reconocidos como la mejor danza del d\u00eda.<\/p>\n\n\n\n<p>Este concurso no solo es un espect\u00e1culo visual impresionante, sino tambi\u00e9n una expresi\u00f3n viva del orgullo cultural cusque\u00f1o.<\/p>\n\n\n\n<div class=\"wp-block-columns is-layout-flex wp-container-core-columns-is-layout-9d6595d7 wp-block-columns-is-layout-flex\">\n<div class=\"wp-block-column is-layout-flow wp-block-column-is-layout-flow\"><div class=\"wp-block-image\">\n<figure class=\"aligncenter size-full\"><img loading=\"lazy\" decoding=\"async\" width=\"800\" height=\"1000\" src=\"https:\/\/www.caminosalkantay.com\/blog\/wp-content\/uploads\/2023\/05\/danzas-tradicionales-del-Cusco.jpg\" alt=\"Danzas tradicionales del Cusco\u00a0\" class=\"wp-image-5566\"\/><figcaption class=\"wp-element-caption\">Danzas tradicionales del Cusco&nbsp;<\/figcaption><\/figure>\n<\/div><\/div>\n\n\n\n<div class=\"wp-block-column is-layout-flow wp-block-column-is-layout-flow\"><div class=\"wp-block-image\">\n<figure class=\"aligncenter size-full\"><img loading=\"lazy\" decoding=\"async\" width=\"800\" height=\"1000\" src=\"https:\/\/www.caminosalkantay.com\/blog\/wp-content\/uploads\/2023\/05\/Concurso-de-Danzas-Tradicionales.jpg\" alt=\"Concurso de Danzas Tradicionales en Cusco\" class=\"wp-image-5568\"\/><figcaption class=\"wp-element-caption\">Concurso de Danzas Tradicionales en Cusco<\/figcaption><\/figure>\n<\/div><\/div>\n<\/div>\n\n\n\n<h2 class=\"wp-block-heading\" id=\"h-desfile-de-alegorias-de-la-escuela-de-bellas-artes-cusco\">Desfile de Alegor\u00edas de la Escuela de Bellas Artes Cusco<\/h2>\n\n\n\n<ul class=\"wp-block-list\">\n<li>Fecha: 15 de junio de 2025<\/li>\n\n\n\n<li>Lugar Plaza de Armas&nbsp;<\/li>\n<\/ul>\n\n\n\n<p>Entre todas las celebraciones de junio, uno de los pasacalles m\u00e1s esperados por cusque\u00f1os y visitantes es el desfile de la<strong> Escuela de Bellas Artes \u201cDiego Quispe Tito\u201d<\/strong>. Cada a\u00f1o, estudiantes y docentes transforman la Plaza de Armas en un museo al aire libre con enormes alegor\u00edas que combinan arte, historia, cr\u00edtica social y tradici\u00f3n andina.<\/p>\n\n\n\n<p>Esculturas m\u00f3viles, trajes elaborados y puestas en escena dan vida a personajes hist\u00f3ricos, paisajes de los Andes o temas actuales, todo con una identidad visual \u00fanica. M\u00e1s que un desfile, es una muestra del talento cusque\u00f1o que deslumbra y emociona.<\/p>\n\n\n\n<div class=\"wp-block-columns is-layout-flex wp-container-core-columns-is-layout-9d6595d7 wp-block-columns-is-layout-flex\">\n<div class=\"wp-block-column is-layout-flow wp-block-column-is-layout-flow\"><div class=\"wp-block-image\">\n<figure class=\"aligncenter size-full\"><img loading=\"lazy\" decoding=\"async\" width=\"800\" height=\"1000\" src=\"https:\/\/www.caminosalkantay.com\/blog\/wp-content\/uploads\/2023\/05\/Desfile-Alegorias-Escuela-Bellas-Artes-Cusco.jpg\" alt=\"Desfile de Alegor\u00edas de la Escuela de Bellas Artes Cusco | EMUFEC\" class=\"wp-image-5570\"\/><figcaption class=\"wp-element-caption\">Desfile de Alegor\u00edas de la Escuela de Bellas Artes Cusco | EMUFEC<\/figcaption><\/figure>\n<\/div><\/div>\n\n\n\n<div class=\"wp-block-column is-layout-flow wp-block-column-is-layout-flow\"><div class=\"wp-block-image\">\n<figure class=\"aligncenter size-full\"><img loading=\"lazy\" decoding=\"async\" width=\"800\" height=\"1000\" src=\"https:\/\/www.caminosalkantay.com\/blog\/wp-content\/uploads\/2023\/05\/Escuela-Bellas-Artes-Diego-Quispe-Tito.jpg\" alt=\"Escuela de Bellas Artes \u201cDiego Quispe Tito\u201d | EMUFEC\" class=\"wp-image-5572\"\/><figcaption class=\"wp-element-caption\">Escuela de Bellas Artes \u201cDiego Quispe Tito\u201d | EMUFEC<\/figcaption><\/figure>\n<\/div><\/div>\n<\/div>\n\n\n\n<h2 class=\"wp-block-heading\" id=\"h-peregrinacion-al-senor-de-qoyllur-rit-i\">Peregrinaci\u00f3n al Se\u00f1or de Qoyllur Rit\u2019i<\/h2>\n\n\n\n<ul class=\"wp-block-list\">\n<li><strong>Fechas:<\/strong> del 15 al 18 de junio de 2025<\/li>\n\n\n\n<li><strong>Lugar:<\/strong> Santuario de Sinakara, Ocongate (provincia de Quispicanchi, Cusco)<\/li>\n<\/ul>\n\n\n\n<p>Cada a\u00f1o, miles de personas emprenden una caminata hacia las alturas de Ocongate para participar en una de las expresiones m\u00e1s intensas de fe de los Andes. El destino es el santuario de Sinakara, donde se venera al Se\u00f1or de Qoyllur Rit\u2019i, una imagen profundamente respetada que representa la uni\u00f3n de la espiritualidad andina con la tradici\u00f3n cat\u00f3lica.<\/p>\n\n\n\n<p>Durante varios d\u00edas, grupos organizados en \u201cnaciones\u201d llegan acompa\u00f1ados de danzantes, m\u00fasicos y los <em>ukukus<\/em>, personajes simb\u00f3licos que cumplen el rol de cuidadores durante el trayecto. La celebraci\u00f3n central tiene lugar el domingo de la Sant\u00edsima Trinidad, con misas, rituales tradicionales y una feria, donde se compran miniaturas que simbolizan deseos personales.<\/p>\n\n\n\n<p>Esta peregrinaci\u00f3n es m\u00e1s que una festividad religiosa: es un encuentro con lo ancestral, una forma de mantener viva una tradici\u00f3n que une a las comunidades con sus ra\u00edces y con el entorno natural.<\/p>\n\n\n\n<div class=\"wp-block-columns is-layout-flex wp-container-core-columns-is-layout-9d6595d7 wp-block-columns-is-layout-flex\">\n<div class=\"wp-block-column is-layout-flow wp-block-column-is-layout-flow\"><div class=\"wp-block-image\">\n<figure class=\"aligncenter size-full\"><img loading=\"lazy\" decoding=\"async\" width=\"800\" height=\"1000\" src=\"https:\/\/www.caminosalkantay.com\/blog\/wp-content\/uploads\/2023\/06\/Peregrinacion-Santuario-Senor-Qoyllur-Riti.jpg\" alt=\"Peregrinaci\u00f3n al Santuario del Se\u00f1or de Qoyllur Rit'i\" class=\"wp-image-346\"\/><figcaption class=\"wp-element-caption\">Peregrinaci\u00f3n al Santuario del Se\u00f1or de Qoyllur Rit&#8217;i<\/figcaption><\/figure>\n<\/div><\/div>\n\n\n\n<div class=\"wp-block-column is-layout-flow wp-block-column-is-layout-flow\"><div class=\"wp-block-image\">\n<figure class=\"aligncenter size-full\"><img loading=\"lazy\" decoding=\"async\" width=\"800\" height=\"1000\" src=\"https:\/\/www.caminosalkantay.com\/blog\/wp-content\/uploads\/2024\/06\/Bailando-fiesta-Qoyllur-Riti.jpg\" alt=\"Bailando en la fiesta de Qoyllur Rit'i\" class=\"wp-image-2766\"\/><figcaption class=\"wp-element-caption\">Bailando en la fiesta de Qoyllur Rit&#8217;i<\/figcaption><\/figure>\n<\/div><\/div>\n<\/div>\n\n\n\n<h2 class=\"wp-block-heading\" id=\"h-corpus-christi\">Corpus Christi<\/h2>\n\n\n\n<ul class=\"wp-block-list\">\n<li><strong>Fecha:<\/strong> 19 de junio de 2025<\/li>\n\n\n\n<li><strong>Lugar:<\/strong> Plaza de Armas&nbsp;<\/li>\n<\/ul>\n\n\n\n<p>El Corpus Christi es una de las celebraciones religiosas m\u00e1s representativas y tradicionales de Cusco. Cada a\u00f1o, quince im\u00e1genes de santos y v\u00edrgenes de distintas parroquias de la ciudad son llevadas en procesi\u00f3n hacia la Catedral, acompa\u00f1adas por bandas, danzantes y cientos de devotos.<\/p>\n\n\n\n<p>La Plaza de Armas se convierte en un punto de encuentro entre lo religioso y lo festivo, donde los <em>carguyoc<\/em> (mayordomos) y sus comunidades rinden homenaje con vestimentas elaboradas, m\u00fasica y costumbres que se mantienen vivas desde hace siglos. Adem\u00e1s, en este d\u00eda es t\u00edpico disfrutar del tradicional <strong>chiri uchu<\/strong>, un plato que solo se consume en esta ocasi\u00f3n.<\/p>\n\n\n\n<p>M\u00e1s que una procesi\u00f3n, el Corpus Christi es una experiencia \u00fanica que refleja la fuerza de la fe y la cultura andina en pleno coraz\u00f3n de Cusco.<\/p>\n\n\n\n<div class=\"wp-block-columns is-layout-flex wp-container-core-columns-is-layout-9d6595d7 wp-block-columns-is-layout-flex\">\n<div class=\"wp-block-column is-layout-flow wp-block-column-is-layout-flow\"><div class=\"wp-block-image\">\n<figure class=\"aligncenter size-full\"><img loading=\"lazy\" decoding=\"async\" width=\"800\" height=\"1000\" src=\"https:\/\/www.caminosalkantay.com\/blog\/wp-content\/uploads\/2023\/06\/San-Sebastian-entrada-Corpus-Christi-Cusqueno.jpg\" alt=\"San Sebastian en la entrada del Corpus Christi Cusque\u00f1o\" class=\"wp-image-350\"\/><figcaption class=\"wp-element-caption\">San Sebastian en la entrada del Corpus Christi Cusque\u00f1o<\/figcaption><\/figure>\n<\/div><\/div>\n\n\n\n<div class=\"wp-block-column is-layout-flow wp-block-column-is-layout-flow\"><div class=\"wp-block-image\">\n<figure class=\"aligncenter size-full\"><img loading=\"lazy\" decoding=\"async\" width=\"800\" height=\"1000\" src=\"https:\/\/www.caminosalkantay.com\/blog\/wp-content\/uploads\/2023\/06\/San-Cristobal-entrada-Corpus-Christi-Cusqueno.jpg\" alt=\"San Cristobal en la entrada del Corpus Christi Cusque\u00f1o\" class=\"wp-image-349\"\/><figcaption class=\"wp-element-caption\">San Cristobal en la entrada del Corpus Christi Cusque\u00f1o<\/figcaption><\/figure>\n<\/div><\/div>\n<\/div>\n\n\n\n<h2 class=\"wp-block-heading\" id=\"h-luces-y-sonidos-de-cusco\">Luces y Sonidos de Cusco<\/h2>\n\n\n\n<ul class=\"wp-block-list\">\n<li><strong>Fecha:<\/strong> 20 de junio de 2025<\/li>\n\n\n\n<li><strong>Lugar:<\/strong> Plaza de Armas&nbsp;<\/li>\n<\/ul>\n\n\n\n<p>La Noche de Luces y Sonido es uno de los eventos m\u00e1s esperados del Mes Jubilar de Cusco. Se trata del mayor concierto al aire libre de la ciudad, donde la Plaza de Armas se convierte en un gran escenario que celebra la m\u00fasica, el arte y el orgullo cusque\u00f1o. <strong>Frente a la Catedral<\/strong> se instala un imponente escenario donde artistas locales y nacionales ofrecen presentaciones en vivo, mientras miles de personas llenan la plaza para disfrutar del ambiente festivo. La noche culmina con un espect\u00e1culo de fuegos artificiales que ilumina el cielo cusque\u00f1o y puede verse desde distintos puntos de la ciudad.<\/p>\n\n\n\n<div class=\"wp-block-columns is-layout-flex wp-container-core-columns-is-layout-9d6595d7 wp-block-columns-is-layout-flex\">\n<div class=\"wp-block-column is-layout-flow wp-block-column-is-layout-flow\"><div class=\"wp-block-image\">\n<figure class=\"aligncenter size-large\"><img loading=\"lazy\" decoding=\"async\" width=\"1024\" height=\"683\" src=\"https:\/\/www.caminosalkantay.com\/blog\/wp-content\/uploads\/2023\/05\/Luces-y-Sonidos-de-Cusco-1024x683.jpg\" alt=\"Luces y Sonidos de Cusco | EMUFEC\" class=\"wp-image-5573\"\/><figcaption class=\"wp-element-caption\">Luces y Sonidos de Cusco | EMUFEC<\/figcaption><\/figure>\n<\/div><\/div>\n<\/div>\n\n\n\n<h2 class=\"wp-block-heading\" id=\"h-inti-raymi\">Inti Raymi<\/h2>\n\n\n\n<ul class=\"wp-block-list\">\n<li><strong>Fecha:<\/strong> 24 de Junio de 2025<\/li>\n\n\n\n<li><strong>Lugar:<\/strong> Qorikancha, Plaza de Armas y Sacsayhuam\u00e1n<\/li>\n<\/ul>\n\n\n\n<p>Es la representaci\u00f3n m\u00e1s emblem\u00e1tica del Mes Jubilar y uno de los eventos culturales m\u00e1s importantes del pa\u00eds. Inspirada en la antigua ceremonia inca dedicada al dios Sol (Inti), esta festividad coincide con el solsticio de invierno, cuando el sol alcanza su punto m\u00e1s alejado de la Tierra. Para los incas, era el momento ideal para rendirle homenaje y pedir su retorno con fuerza.<\/p>\n\n\n\n<p>La puesta en escena moderna re\u00fane a m\u00e1s de 700 actores que dan vida a una ceremonia ancestral. El Inca y la Coya salen del templo de <strong>Qorikancha<\/strong> junto a su corte real, m\u00fasicos y sacerdotes, dirigi\u00e9ndose hacia la <strong>Plaza de Armas<\/strong>, donde el Inca se encuentra simb\u00f3licamente con el actual representante del pueblo. Luego, el cortejo se traslada a la explanada de <strong>Sacsayhuam\u00e1n<\/strong> para llevar a cabo el ritual central: el sacrificio simb\u00f3lico de una llama (no se da\u00f1a ning\u00fan animal real).<\/p>\n\n\n\n<p>El Inti Raymi es mucho m\u00e1s que una escenificaci\u00f3n: es un acto de identidad viva que conecta el pasado con el presente, y una experiencia que emociona a todos los que la presencian.<\/p>\n\n\n\n<div class=\"wp-block-columns is-layout-flex wp-container-core-columns-is-layout-9d6595d7 wp-block-columns-is-layout-flex\">\n<div class=\"wp-block-column is-layout-flow wp-block-column-is-layout-flow\"><div class=\"wp-block-image\">\n<figure class=\"aligncenter size-large\"><img loading=\"lazy\" decoding=\"async\" width=\"1024\" height=\"683\" src=\"https:\/\/www.caminosalkantay.com\/blog\/wp-content\/uploads\/2024\/05\/Inti-Raymi-Saqsayhuaman-1024x683.jpg\" alt=\"Foto panor\u00e1mica de la fiesta del Inti Raymi en Saqsayhuaman\" class=\"wp-image-5118\"\/><figcaption class=\"wp-element-caption\">La fiesta del Inti Raymi en Saqsayhuaman<\/figcaption><\/figure>\n<\/div><\/div>\n<\/div>\n\n\n\n<div class=\"wp-block-columns is-layout-flex wp-container-core-columns-is-layout-9d6595d7 wp-block-columns-is-layout-flex\">\n<div class=\"wp-block-column is-layout-flow wp-block-column-is-layout-flow\"><div class=\"wp-block-image\">\n<figure class=\"aligncenter size-full\"><img loading=\"lazy\" decoding=\"async\" width=\"800\" height=\"1000\" src=\"https:\/\/www.caminosalkantay.com\/blog\/wp-content\/uploads\/2023\/05\/Cusco-rinde-homenaje-sol-Inti-Raymi.jpg\" alt=\"Cusco rinde homenaje al sol en el Inti Raymi.\" class=\"wp-image-2506\"\/><figcaption class=\"wp-element-caption\">Homenaje al sol en el Inti Raymi.<\/figcaption><\/figure>\n<\/div><\/div>\n\n\n\n<div class=\"wp-block-column is-layout-flow wp-block-column-is-layout-flow\"><div class=\"wp-block-image\">\n<figure class=\"aligncenter size-full\"><img loading=\"lazy\" decoding=\"async\" width=\"800\" height=\"1000\" src=\"https:\/\/www.caminosalkantay.com\/blog\/wp-content\/uploads\/2023\/05\/Qolla-Inti-Raymi.jpg\" alt=\"Qolla en el Inti Raymi\" class=\"wp-image-2500\"\/><figcaption class=\"wp-element-caption\">Qolla en el Inti Raymi<\/figcaption><\/figure>\n<\/div><\/div>\n<\/div>\n\n\n\n<h2 class=\"wp-block-heading\" id=\"h-cusco-en-junio-una-oportunidad-para-vivir-su-cultura\">Cusco en junio: una oportunidad para vivir su cultura<\/h2>\n\n\n\n<p>El Mes Jubilar no es solo una serie de fechas importantes: es una \u00e9poca en la que la ciudad se llena de movimiento, tradici\u00f3n y arte. Cada desfile, danza, ceremonia o concierto refleja el trabajo de comunidades que mantienen vivas sus costumbres y las comparten con orgullo.<\/p>\n\n\n\n<p>Si est\u00e1s pensando en visitar Cusco, junio es una de las mejores \u00e9pocas del a\u00f1o para hacerlo. Adem\u00e1s de conocer sus sitios arqueol\u00f3gicos, tendr\u00e1s la oportunidad de participar en celebraciones \u00fanicas que no se repiten en otro momento. Eso s\u00ed, es importante planificar con tiempo, ya que muchos viajeros llegan durante estas semanas.<\/p>\n\n\n\n<p>Cusco te recibe con una agenda cultural intensa y una identidad que se expresa en cada rinc\u00f3n del centro hist\u00f3rico.<\/p>\n\n\n\n<h2 class=\"wp-block-heading\" id=\"h-preguntas-frecuentes\">Preguntas Frecuentes<\/h2>\n\n\n\n<p><strong>\u00bfCu\u00e1les son las fiestas del Cusco?<\/strong><strong><br><\/strong> Incluyen el Inti Raymi, Corpus Christi, la festividad del Se\u00f1or de Qoyllur Rit\u2019i, desfiles escolares, concursos de danzas y conciertos.<\/p>\n\n\n\n<p><strong>\u00bfQu\u00e9 son las fiestas del Cusco?<\/strong><strong><br><\/strong> Es un conjunto de celebraciones culturales, religiosas y art\u00edsticas que se realizan durante junio, en honor a la historia y tradiciones de la ciudad.<\/p>\n\n\n\n<p><strong>\u00bfCu\u00e1ndo son las fiestas del Cusco?<\/strong><strong><br><\/strong> Durante todo el mes de junio, con eventos casi diarios.<\/p>\n\n\n\n<p><strong>\u00bfCu\u00e1ndo se celebra el Inti Raymi?<\/strong><strong><br><\/strong> El 24 de junio.<\/p>\n\n\n\n<p><strong>\u00bfD\u00f3nde se realiza el Inti Raymi?<\/strong><strong><br><\/strong> En Qorikancha, Plaza de Armas y Sacsayhuam\u00e1n.<\/p>\n\n\n\n<p><strong>\u00bfNecesito comprar entradas para el Inti Raymi?<\/strong><strong><br><\/strong> Solo para la parte final en Sacsayhuam\u00e1n. Las otras dos son gratuitas.<\/p>\n\n\n\n<p><strong>\u00bfQu\u00e9 d\u00eda es Corpus Christi en 2025?<\/strong><strong><br><\/strong> El jueves 19 de junio.<\/p>\n\n\n\n<p><strong>\u00bfQu\u00e9 im\u00e1genes participan en Corpus Christi?<\/strong><strong><br><\/strong> 15 santos y v\u00edrgenes de las iglesias del Cusco.<\/p>\n\n\n\n<p><strong>\u00bfQu\u00e9 se come en esta festividad?<\/strong><strong><br><\/strong> El tradicional chiri uchu.<strong>\u00bfQu\u00e9 otras actividades hay en junio?<\/strong><strong><br><\/strong> Pasacalles escolares, desfiles art\u00edsticos, ferias y conciertos.<\/p>\n\n\n\n<p><\/p>\n\n\n\n<ul class=\"wp-block-list lang\">\n<li class=\"en\"><a href=\"https:\/\/www.salkantaytrekking.com\/blog\/june-in-cusco-parades-living-culture-unmissable-celebrations\/\">EN<\/a><\/li>\n\n\n\n<li class=\"pt\"><a href=\"https:\/\/www.salkantaytrilha.com\/blog\/junho-em-cusco-desfiles-cultura-viva-e-celebracoes-imperdiveis\/\">PT<\/a><\/li>\n<\/ul>\n\n\n\n<p><\/p>\n\n\n\n<p><\/p>\n","protected":false},"excerpt":{"rendered":"<p>\u00bfPlaneas visitar Cusco en junio? Prep\u00e1rate para1 una de las \u00e9pocas m\u00e1s especiales del a\u00f1o. Conocido como el Mes Jubilar, junio transforma la ciudad con danzas tradicionales, desfiles coloridos, rituales ancestrales y sabores t\u00edpicos que solo se disfrutan en esta [&hellip;]<\/p>\n","protected":false},"author":1,"featured_media":5576,"comment_status":"open","ping_status":"open","sticky":false,"template":"","format":"standard","meta":{"footnotes":""},"categories":[8,25,26],"tags":[28,1300,1301,27,30,1299],"class_list":["post-161","post","type-post","status-publish","format-standard","has-post-thumbnail","hentry","category-cusco","category-fiestas","category-fiestas-en-cusco","tag-celebraciones","tag-danzas-tradicionales-del-cusco","tag-escuela-de-bellas-artes-cusco","tag-fiestas-en-cusco","tag-inti-raymi","tag-junio-en-cusco"],"yoast_head":"<!-- This site is optimized with the Yoast SEO Premium plugin v27.4 (Yoast SEO v27.4) - https:\/\/yoast.com\/product\/yoast-seo-premium-wordpress\/ -->\n<title>Junio en Cusco: desfiles, cultura viva y fiestas imperdibles<\/title>\n<meta name=\"description\" content=\"Cusco vive su mes m\u00e1s festivo en junio: descubre las fechas y eventos m\u00e1s importantes que llenan la ciudad de cultura, color y tradici\u00f3n.\" \/>\n<meta name=\"robots\" content=\"index, follow, max-snippet:-1, max-image-preview:large, max-video-preview:-1\" \/>\n<link rel=\"canonical\" href=\"https:\/\/www.caminosalkantay.com\/blog\/junio-en-cusco-desfiles-cultura-viva-y-fiestas-imperdibles\/\" \/>\n<meta property=\"og:locale\" content=\"es_ES\" \/>\n<meta property=\"og:type\" content=\"article\" \/>\n<meta property=\"og:title\" content=\"Junio en Cusco: desfiles, cultura viva y fiestas imperdibles\" \/>\n<meta property=\"og:description\" content=\"Cusco vive su mes m\u00e1s festivo en junio: descubre las fechas y eventos m\u00e1s importantes que llenan la ciudad de cultura, color y tradici\u00f3n.\" \/>\n<meta property=\"og:url\" content=\"https:\/\/www.caminosalkantay.com\/blog\/junio-en-cusco-desfiles-cultura-viva-y-fiestas-imperdibles\/\" \/>\n<meta property=\"og:site_name\" content=\"Informaci\u00f3n de Viajes a Machu Picchu | Cusco | Per\u00fa\" \/>\n<meta property=\"article:publisher\" content=\"https:\/\/www.facebook.com\/SalkantayTrekking\/\" \/>\n<meta property=\"article:published_time\" content=\"2025-06-18T17:15:26+00:00\" \/>\n<meta property=\"article:modified_time\" content=\"2026-02-20T22:15:13+00:00\" \/>\n<meta property=\"og:image\" content=\"https:\/\/www.caminosalkantay.com\/blog\/wp-content\/uploads\/2025\/06\/Junio-en-Cusco-desfiles-cultura-viva-y-fiestas-imperdibles-16x9-1.jpg\" \/>\n\t<meta property=\"og:image:width\" content=\"1920\" \/>\n\t<meta property=\"og:image:height\" content=\"1080\" \/>\n\t<meta property=\"og:image:type\" content=\"image\/jpeg\" \/>\n<meta name=\"author\" content=\"Camino Salkantay\" \/>\n<meta name=\"twitter:card\" content=\"summary_large_image\" \/>\n<meta name=\"twitter:creator\" content=\"@salkantayperu\" \/>\n<meta name=\"twitter:site\" content=\"@salkantayperu\" \/>\n<meta name=\"twitter:label1\" content=\"Escrito por\" \/>\n\t<meta name=\"twitter:data1\" content=\"Camino Salkantay\" \/>\n\t<meta name=\"twitter:label2\" content=\"Tiempo de lectura\" \/>\n\t<meta name=\"twitter:data2\" content=\"9 minutos\" \/>\n<script type=\"application\/ld+json\" class=\"yoast-schema-graph\">{\"@context\":\"https:\\\/\\\/schema.org\",\"@graph\":[{\"@type\":\"Article\",\"@id\":\"https:\\\/\\\/www.caminosalkantay.com\\\/blog\\\/junio-en-cusco-desfiles-cultura-viva-y-fiestas-imperdibles\\\/#article\",\"isPartOf\":{\"@id\":\"https:\\\/\\\/www.caminosalkantay.com\\\/blog\\\/junio-en-cusco-desfiles-cultura-viva-y-fiestas-imperdibles\\\/\"},\"author\":{\"name\":\"Camino Salkantay\",\"@id\":\"https:\\\/\\\/www.caminosalkantay.com\\\/blog\\\/#\\\/schema\\\/person\\\/53071c800d0ee3cb98d89c6dffbc171f\"},\"headline\":\"Junio en Cusco: desfiles, cultura viva y fiestas imperdibles\",\"datePublished\":\"2025-06-18T17:15:26+00:00\",\"dateModified\":\"2026-02-20T22:15:13+00:00\",\"mainEntityOfPage\":{\"@id\":\"https:\\\/\\\/www.caminosalkantay.com\\\/blog\\\/junio-en-cusco-desfiles-cultura-viva-y-fiestas-imperdibles\\\/\"},\"wordCount\":1495,\"commentCount\":0,\"publisher\":{\"@id\":\"https:\\\/\\\/www.caminosalkantay.com\\\/blog\\\/#organization\"},\"image\":{\"@id\":\"https:\\\/\\\/www.caminosalkantay.com\\\/blog\\\/junio-en-cusco-desfiles-cultura-viva-y-fiestas-imperdibles\\\/#primaryimage\"},\"thumbnailUrl\":\"https:\\\/\\\/www.caminosalkantay.com\\\/blog\\\/wp-content\\\/uploads\\\/2023\\\/05\\\/Junio-en-Cusco-desfiles-cultura-viva-fiestas-imperdibles.jpg\",\"keywords\":[\"Celebraciones\",\"Danzas tradicionales del Cusco\",\"Escuela de Bellas Artes Cusco\",\"Fiestas en Cusco\",\"Inti Raymi\",\"Junio en Cusco\"],\"articleSection\":[\"Cusco\",\"Fiestas\",\"Fiestas en Cusco\"],\"inLanguage\":\"es\",\"potentialAction\":[{\"@type\":\"CommentAction\",\"name\":\"Comment\",\"target\":[\"https:\\\/\\\/www.caminosalkantay.com\\\/blog\\\/junio-en-cusco-desfiles-cultura-viva-y-fiestas-imperdibles\\\/#respond\"]}],\"accessibilityFeature\":[\"tableOfContents\"]},{\"@type\":\"WebPage\",\"@id\":\"https:\\\/\\\/www.caminosalkantay.com\\\/blog\\\/junio-en-cusco-desfiles-cultura-viva-y-fiestas-imperdibles\\\/\",\"url\":\"https:\\\/\\\/www.caminosalkantay.com\\\/blog\\\/junio-en-cusco-desfiles-cultura-viva-y-fiestas-imperdibles\\\/\",\"name\":\"Junio en Cusco: desfiles, cultura viva y fiestas imperdibles\",\"isPartOf\":{\"@id\":\"https:\\\/\\\/www.caminosalkantay.com\\\/blog\\\/#website\"},\"primaryImageOfPage\":{\"@id\":\"https:\\\/\\\/www.caminosalkantay.com\\\/blog\\\/junio-en-cusco-desfiles-cultura-viva-y-fiestas-imperdibles\\\/#primaryimage\"},\"image\":{\"@id\":\"https:\\\/\\\/www.caminosalkantay.com\\\/blog\\\/junio-en-cusco-desfiles-cultura-viva-y-fiestas-imperdibles\\\/#primaryimage\"},\"thumbnailUrl\":\"https:\\\/\\\/www.caminosalkantay.com\\\/blog\\\/wp-content\\\/uploads\\\/2023\\\/05\\\/Junio-en-Cusco-desfiles-cultura-viva-fiestas-imperdibles.jpg\",\"datePublished\":\"2025-06-18T17:15:26+00:00\",\"dateModified\":\"2026-02-20T22:15:13+00:00\",\"description\":\"Cusco vive su mes m\u00e1s festivo en junio: descubre las fechas y eventos m\u00e1s importantes que llenan la ciudad de cultura, color y tradici\u00f3n.\",\"breadcrumb\":{\"@id\":\"https:\\\/\\\/www.caminosalkantay.com\\\/blog\\\/junio-en-cusco-desfiles-cultura-viva-y-fiestas-imperdibles\\\/#breadcrumb\"},\"inLanguage\":\"es\",\"potentialAction\":[{\"@type\":\"ReadAction\",\"target\":[\"https:\\\/\\\/www.caminosalkantay.com\\\/blog\\\/junio-en-cusco-desfiles-cultura-viva-y-fiestas-imperdibles\\\/\"]}]},{\"@type\":\"ImageObject\",\"inLanguage\":\"es\",\"@id\":\"https:\\\/\\\/www.caminosalkantay.com\\\/blog\\\/junio-en-cusco-desfiles-cultura-viva-y-fiestas-imperdibles\\\/#primaryimage\",\"url\":\"https:\\\/\\\/www.caminosalkantay.com\\\/blog\\\/wp-content\\\/uploads\\\/2023\\\/05\\\/Junio-en-Cusco-desfiles-cultura-viva-fiestas-imperdibles.jpg\",\"contentUrl\":\"https:\\\/\\\/www.caminosalkantay.com\\\/blog\\\/wp-content\\\/uploads\\\/2023\\\/05\\\/Junio-en-Cusco-desfiles-cultura-viva-fiestas-imperdibles.jpg\",\"width\":1873,\"height\":1249,\"caption\":\"Junio en Cusco: desfiles, cultura viva y fiestas imperdibles\"},{\"@type\":\"BreadcrumbList\",\"@id\":\"https:\\\/\\\/www.caminosalkantay.com\\\/blog\\\/junio-en-cusco-desfiles-cultura-viva-y-fiestas-imperdibles\\\/#breadcrumb\",\"itemListElement\":[{\"@type\":\"ListItem\",\"position\":1,\"name\":\"Portada\",\"item\":\"https:\\\/\\\/www.caminosalkantay.com\\\/blog\\\/\"},{\"@type\":\"ListItem\",\"position\":2,\"name\":\"Junio en Cusco: desfiles, cultura viva y fiestas imperdibles\"}]},{\"@type\":\"WebSite\",\"@id\":\"https:\\\/\\\/www.caminosalkantay.com\\\/blog\\\/#website\",\"url\":\"https:\\\/\\\/www.caminosalkantay.com\\\/blog\\\/\",\"name\":\"Informaci\u00f3n de Viajes a Machu Picchu | Cusco | Per\u00fa\",\"description\":\"Informaci\u00f3n de Viajes a Machu Picchu | Cusco | Per\u00fa\",\"publisher\":{\"@id\":\"https:\\\/\\\/www.caminosalkantay.com\\\/blog\\\/#organization\"},\"potentialAction\":[{\"@type\":\"SearchAction\",\"target\":{\"@type\":\"EntryPoint\",\"urlTemplate\":\"https:\\\/\\\/www.caminosalkantay.com\\\/blog\\\/?s={search_term_string}\"},\"query-input\":{\"@type\":\"PropertyValueSpecification\",\"valueRequired\":true,\"valueName\":\"search_term_string\"}}],\"inLanguage\":\"es\"},{\"@type\":\"Organization\",\"@id\":\"https:\\\/\\\/www.caminosalkantay.com\\\/blog\\\/#organization\",\"name\":\"Camino Salkantay\",\"url\":\"https:\\\/\\\/www.caminosalkantay.com\\\/blog\\\/\",\"logo\":{\"@type\":\"ImageObject\",\"inLanguage\":\"es\",\"@id\":\"https:\\\/\\\/www.caminosalkantay.com\\\/blog\\\/#\\\/schema\\\/logo\\\/image\\\/\",\"url\":\"https:\\\/\\\/www.caminosalkantay.com\\\/blog\\\/wp-content\\\/uploads\\\/2023\\\/05\\\/salkantaytrekking-logo-300x128-1.png\",\"contentUrl\":\"https:\\\/\\\/www.caminosalkantay.com\\\/blog\\\/wp-content\\\/uploads\\\/2023\\\/05\\\/salkantaytrekking-logo-300x128-1.png\",\"width\":300,\"height\":128,\"caption\":\"Camino Salkantay\"},\"image\":{\"@id\":\"https:\\\/\\\/www.caminosalkantay.com\\\/blog\\\/#\\\/schema\\\/logo\\\/image\\\/\"},\"sameAs\":[\"https:\\\/\\\/www.facebook.com\\\/SalkantayTrekking\\\/\",\"https:\\\/\\\/x.com\\\/salkantayperu\",\"https:\\\/\\\/www.tumblr.com\\\/salkantay-trek\",\"https:\\\/\\\/www.instagram.com\\\/salkantaytrekking\\\/\",\"https:\\\/\\\/www.pinterest.com\\\/salkantaytrekking\\\/\",\"https:\\\/\\\/www.linkedin.com\\\/company\\\/salkantay-trekking\"]},{\"@type\":\"Person\",\"@id\":\"https:\\\/\\\/www.caminosalkantay.com\\\/blog\\\/#\\\/schema\\\/person\\\/53071c800d0ee3cb98d89c6dffbc171f\",\"name\":\"Camino Salkantay\",\"image\":{\"@type\":\"ImageObject\",\"inLanguage\":\"es\",\"@id\":\"https:\\\/\\\/secure.gravatar.com\\\/avatar\\\/b41678a33c57a2bf0032b7c254611fc97caffd94ade0663405b364d1c0177d1d?s=96&d=mm&r=g\",\"url\":\"https:\\\/\\\/secure.gravatar.com\\\/avatar\\\/b41678a33c57a2bf0032b7c254611fc97caffd94ade0663405b364d1c0177d1d?s=96&d=mm&r=g\",\"contentUrl\":\"https:\\\/\\\/secure.gravatar.com\\\/avatar\\\/b41678a33c57a2bf0032b7c254611fc97caffd94ade0663405b364d1c0177d1d?s=96&d=mm&r=g\",\"caption\":\"Camino Salkantay\"},\"sameAs\":[\"https:\\\/\\\/www.caminosalkantay.com\\\/blog\"]}]}<\/script>\n<!-- \/ Yoast SEO Premium plugin. -->","yoast_head_json":{"title":"Junio en Cusco: desfiles, cultura viva y fiestas imperdibles","description":"Cusco vive su mes m\u00e1s festivo en junio: descubre las fechas y eventos m\u00e1s importantes que llenan la ciudad de cultura, color y tradici\u00f3n.","robots":{"index":"index","follow":"follow","max-snippet":"max-snippet:-1","max-image-preview":"max-image-preview:large","max-video-preview":"max-video-preview:-1"},"canonical":"https:\/\/www.caminosalkantay.com\/blog\/junio-en-cusco-desfiles-cultura-viva-y-fiestas-imperdibles\/","og_locale":"es_ES","og_type":"article","og_title":"Junio en Cusco: desfiles, cultura viva y fiestas imperdibles","og_description":"Cusco vive su mes m\u00e1s festivo en junio: descubre las fechas y eventos m\u00e1s importantes que llenan la ciudad de cultura, color y tradici\u00f3n.","og_url":"https:\/\/www.caminosalkantay.com\/blog\/junio-en-cusco-desfiles-cultura-viva-y-fiestas-imperdibles\/","og_site_name":"Informaci\u00f3n de Viajes a Machu Picchu | Cusco | Per\u00fa","article_publisher":"https:\/\/www.facebook.com\/SalkantayTrekking\/","article_published_time":"2025-06-18T17:15:26+00:00","article_modified_time":"2026-02-20T22:15:13+00:00","og_image":[{"width":1920,"height":1080,"url":"https:\/\/www.caminosalkantay.com\/blog\/wp-content\/uploads\/2025\/06\/Junio-en-Cusco-desfiles-cultura-viva-y-fiestas-imperdibles-16x9-1.jpg","type":"image\/jpeg"}],"author":"Camino Salkantay","twitter_card":"summary_large_image","twitter_creator":"@salkantayperu","twitter_site":"@salkantayperu","twitter_misc":{"Escrito por":"Camino Salkantay","Tiempo de lectura":"9 minutos"},"schema":{"@context":"https:\/\/schema.org","@graph":[{"@type":"Article","@id":"https:\/\/www.caminosalkantay.com\/blog\/junio-en-cusco-desfiles-cultura-viva-y-fiestas-imperdibles\/#article","isPartOf":{"@id":"https:\/\/www.caminosalkantay.com\/blog\/junio-en-cusco-desfiles-cultura-viva-y-fiestas-imperdibles\/"},"author":{"name":"Camino Salkantay","@id":"https:\/\/www.caminosalkantay.com\/blog\/#\/schema\/person\/53071c800d0ee3cb98d89c6dffbc171f"},"headline":"Junio en Cusco: desfiles, cultura viva y fiestas imperdibles","datePublished":"2025-06-18T17:15:26+00:00","dateModified":"2026-02-20T22:15:13+00:00","mainEntityOfPage":{"@id":"https:\/\/www.caminosalkantay.com\/blog\/junio-en-cusco-desfiles-cultura-viva-y-fiestas-imperdibles\/"},"wordCount":1495,"commentCount":0,"publisher":{"@id":"https:\/\/www.caminosalkantay.com\/blog\/#organization"},"image":{"@id":"https:\/\/www.caminosalkantay.com\/blog\/junio-en-cusco-desfiles-cultura-viva-y-fiestas-imperdibles\/#primaryimage"},"thumbnailUrl":"https:\/\/www.caminosalkantay.com\/blog\/wp-content\/uploads\/2023\/05\/Junio-en-Cusco-desfiles-cultura-viva-fiestas-imperdibles.jpg","keywords":["Celebraciones","Danzas tradicionales del Cusco","Escuela de Bellas Artes Cusco","Fiestas en Cusco","Inti Raymi","Junio en Cusco"],"articleSection":["Cusco","Fiestas","Fiestas en Cusco"],"inLanguage":"es","potentialAction":[{"@type":"CommentAction","name":"Comment","target":["https:\/\/www.caminosalkantay.com\/blog\/junio-en-cusco-desfiles-cultura-viva-y-fiestas-imperdibles\/#respond"]}],"accessibilityFeature":["tableOfContents"]},{"@type":"WebPage","@id":"https:\/\/www.caminosalkantay.com\/blog\/junio-en-cusco-desfiles-cultura-viva-y-fiestas-imperdibles\/","url":"https:\/\/www.caminosalkantay.com\/blog\/junio-en-cusco-desfiles-cultura-viva-y-fiestas-imperdibles\/","name":"Junio en Cusco: desfiles, cultura viva y fiestas imperdibles","isPartOf":{"@id":"https:\/\/www.caminosalkantay.com\/blog\/#website"},"primaryImageOfPage":{"@id":"https:\/\/www.caminosalkantay.com\/blog\/junio-en-cusco-desfiles-cultura-viva-y-fiestas-imperdibles\/#primaryimage"},"image":{"@id":"https:\/\/www.caminosalkantay.com\/blog\/junio-en-cusco-desfiles-cultura-viva-y-fiestas-imperdibles\/#primaryimage"},"thumbnailUrl":"https:\/\/www.caminosalkantay.com\/blog\/wp-content\/uploads\/2023\/05\/Junio-en-Cusco-desfiles-cultura-viva-fiestas-imperdibles.jpg","datePublished":"2025-06-18T17:15:26+00:00","dateModified":"2026-02-20T22:15:13+00:00","description":"Cusco vive su mes m\u00e1s festivo en junio: descubre las fechas y eventos m\u00e1s importantes que llenan la ciudad de cultura, color y tradici\u00f3n.","breadcrumb":{"@id":"https:\/\/www.caminosalkantay.com\/blog\/junio-en-cusco-desfiles-cultura-viva-y-fiestas-imperdibles\/#breadcrumb"},"inLanguage":"es","potentialAction":[{"@type":"ReadAction","target":["https:\/\/www.caminosalkantay.com\/blog\/junio-en-cusco-desfiles-cultura-viva-y-fiestas-imperdibles\/"]}]},{"@type":"ImageObject","inLanguage":"es","@id":"https:\/\/www.caminosalkantay.com\/blog\/junio-en-cusco-desfiles-cultura-viva-y-fiestas-imperdibles\/#primaryimage","url":"https:\/\/www.caminosalkantay.com\/blog\/wp-content\/uploads\/2023\/05\/Junio-en-Cusco-desfiles-cultura-viva-fiestas-imperdibles.jpg","contentUrl":"https:\/\/www.caminosalkantay.com\/blog\/wp-content\/uploads\/2023\/05\/Junio-en-Cusco-desfiles-cultura-viva-fiestas-imperdibles.jpg","width":1873,"height":1249,"caption":"Junio en Cusco: desfiles, cultura viva y fiestas imperdibles"},{"@type":"BreadcrumbList","@id":"https:\/\/www.caminosalkantay.com\/blog\/junio-en-cusco-desfiles-cultura-viva-y-fiestas-imperdibles\/#breadcrumb","itemListElement":[{"@type":"ListItem","position":1,"name":"Portada","item":"https:\/\/www.caminosalkantay.com\/blog\/"},{"@type":"ListItem","position":2,"name":"Junio en Cusco: desfiles, cultura viva y fiestas imperdibles"}]},{"@type":"WebSite","@id":"https:\/\/www.caminosalkantay.com\/blog\/#website","url":"https:\/\/www.caminosalkantay.com\/blog\/","name":"Informaci\u00f3n de Viajes a Machu Picchu | Cusco | Per\u00fa","description":"Informaci\u00f3n de Viajes a Machu Picchu | Cusco | Per\u00fa","publisher":{"@id":"https:\/\/www.caminosalkantay.com\/blog\/#organization"},"potentialAction":[{"@type":"SearchAction","target":{"@type":"EntryPoint","urlTemplate":"https:\/\/www.caminosalkantay.com\/blog\/?s={search_term_string}"},"query-input":{"@type":"PropertyValueSpecification","valueRequired":true,"valueName":"search_term_string"}}],"inLanguage":"es"},{"@type":"Organization","@id":"https:\/\/www.caminosalkantay.com\/blog\/#organization","name":"Camino Salkantay","url":"https:\/\/www.caminosalkantay.com\/blog\/","logo":{"@type":"ImageObject","inLanguage":"es","@id":"https:\/\/www.caminosalkantay.com\/blog\/#\/schema\/logo\/image\/","url":"https:\/\/www.caminosalkantay.com\/blog\/wp-content\/uploads\/2023\/05\/salkantaytrekking-logo-300x128-1.png","contentUrl":"https:\/\/www.caminosalkantay.com\/blog\/wp-content\/uploads\/2023\/05\/salkantaytrekking-logo-300x128-1.png","width":300,"height":128,"caption":"Camino Salkantay"},"image":{"@id":"https:\/\/www.caminosalkantay.com\/blog\/#\/schema\/logo\/image\/"},"sameAs":["https:\/\/www.facebook.com\/SalkantayTrekking\/","https:\/\/x.com\/salkantayperu","https:\/\/www.tumblr.com\/salkantay-trek","https:\/\/www.instagram.com\/salkantaytrekking\/","https:\/\/www.pinterest.com\/salkantaytrekking\/","https:\/\/www.linkedin.com\/company\/salkantay-trekking"]},{"@type":"Person","@id":"https:\/\/www.caminosalkantay.com\/blog\/#\/schema\/person\/53071c800d0ee3cb98d89c6dffbc171f","name":"Camino Salkantay","image":{"@type":"ImageObject","inLanguage":"es","@id":"https:\/\/secure.gravatar.com\/avatar\/b41678a33c57a2bf0032b7c254611fc97caffd94ade0663405b364d1c0177d1d?s=96&d=mm&r=g","url":"https:\/\/secure.gravatar.com\/avatar\/b41678a33c57a2bf0032b7c254611fc97caffd94ade0663405b364d1c0177d1d?s=96&d=mm&r=g","contentUrl":"https:\/\/secure.gravatar.com\/avatar\/b41678a33c57a2bf0032b7c254611fc97caffd94ade0663405b364d1c0177d1d?s=96&d=mm&r=g","caption":"Camino Salkantay"},"sameAs":["https:\/\/www.caminosalkantay.com\/blog"]}]}},"_links":{"self":[{"href":"https:\/\/www.caminosalkantay.com\/blog\/wp-json\/wp\/v2\/posts\/161","targetHints":{"allow":["GET"]}}],"collection":[{"href":"https:\/\/www.caminosalkantay.com\/blog\/wp-json\/wp\/v2\/posts"}],"about":[{"href":"https:\/\/www.caminosalkantay.com\/blog\/wp-json\/wp\/v2\/types\/post"}],"author":[{"embeddable":true,"href":"https:\/\/www.caminosalkantay.com\/blog\/wp-json\/wp\/v2\/users\/1"}],"replies":[{"embeddable":true,"href":"https:\/\/www.caminosalkantay.com\/blog\/wp-json\/wp\/v2\/comments?post=161"}],"version-history":[{"count":7,"href":"https:\/\/www.caminosalkantay.com\/blog\/wp-json\/wp\/v2\/posts\/161\/revisions"}],"predecessor-version":[{"id":5580,"href":"https:\/\/www.caminosalkantay.com\/blog\/wp-json\/wp\/v2\/posts\/161\/revisions\/5580"}],"wp:featuredmedia":[{"embeddable":true,"href":"https:\/\/www.caminosalkantay.com\/blog\/wp-json\/wp\/v2\/media\/5576"}],"wp:attachment":[{"href":"https:\/\/www.caminosalkantay.com\/blog\/wp-json\/wp\/v2\/media?parent=161"}],"wp:term":[{"taxonomy":"category","embeddable":true,"href":"https:\/\/www.caminosalkantay.com\/blog\/wp-json\/wp\/v2\/categories?post=161"},{"taxonomy":"post_tag","embeddable":true,"href":"https:\/\/www.caminosalkantay.com\/blog\/wp-json\/wp\/v2\/tags?post=161"}],"curies":[{"name":"wp","href":"https:\/\/api.w.org\/{rel}","templated":true}]}}