{"id":169,"date":"2026-04-13T19:06:01","date_gmt":"2026-04-14T00:06:01","guid":{"rendered":"https:\/\/www.caminosalkantay.com\/blog\/?p=169"},"modified":"2026-04-16T15:38:45","modified_gmt":"2026-04-16T20:38:45","slug":"inti-raymi-la-fiesta-del-sol","status":"publish","type":"post","link":"https:\/\/www.caminosalkantay.com\/blog\/inti-raymi-la-fiesta-del-sol\/","title":{"rendered":"Inti Raymi Per\u00fa 2026: el Festival del Sol en Cusco"},"content":{"rendered":"\n<p>Si est\u00e1s planeando viajar a Cusco en junio, el Inti Raymi Per\u00fa es una de las experiencias culturales m\u00e1s impresionantes que puedes vivir. Esta tradici\u00f3n ancestral, conocida como el Festival del Sol, re\u00fane historia, tradici\u00f3n y espect\u00e1culo en una celebraci\u00f3n \u00fanica que atrae a miles de viajeros cada a\u00f1o.<\/p>\n\n\n\n<p>M\u00e1s que una actividad tur\u00edstica, el Inti Raymi es una conexi\u00f3n directa con el legado del Imperio Inca, donde rituales, m\u00fasica y danzas recrean una de las ceremonias m\u00e1s importantes de la civilizaci\u00f3n andina.<\/p>\n\n\n\n<div class=\"wp-block-yoast-seo-table-of-contents yoast-table-of-contents anchor-links\"><h2>Tabla de contenidos<\/h2><ul><li><a href=\"#h-que-es-el-inti-raymi\" data-level=\"2\">\u00bfQu\u00e9 es el Inti Raymi?<\/a><\/li><li><a href=\"#h-historia-del-inti-raymi-en-el-imperio-inca\" data-level=\"2\">Historia del Inti Raymi en el Imperio Inca<\/a><ul><li><a href=\"#h-personajes-mas-importantes-del-inti-raymi\" data-level=\"3\">Personajes m\u00e1s importantes del Inti Raymi<\/a><\/li><li><a href=\"#h-el-inicio-del-ritual-del-inti-raymi\" data-level=\"3\">El inicio del ritual del Inti Raymi<\/a><\/li><li><a href=\"#h-significado-del-inti-raymi-el-culto-al-sol\" data-level=\"3\">Significado del Inti Raymi: el culto al sol<\/a><\/li><\/ul><\/li><li><a href=\"#h-inti-raymi-antes-vs-ahora\" data-level=\"2\">Inti Raymi antes vs ahora<\/a><ul><li><a href=\"#h-la-reconstruccion-moderna-del-inti-raymi\" data-level=\"3\">La reconstrucci\u00f3n moderna del Inti Raymi<\/a><\/li><li><a href=\"#h-el-inti-raymi-en-la-actualidad\" data-level=\"3\">El Inti Raymi en la actualidad<\/a><\/li><li><a href=\"#h-diferencias-entre-el-inti-raymi-inca-y-el-actual\" data-level=\"3\">Diferencias entre el Inti Raymi inca y el actual<\/a><\/li><li><a href=\"#h-comparativa-completa-del-inti-raymi\" data-level=\"3\">Comparativa completa del Inti Raymi<\/a><\/li><li><a href=\"#h-por-que-el-inti-raymi-sigue-siendo-importante-hoy\" data-level=\"3\">\u00bfPor qu\u00e9 el Inti Raymi sigue siendo importante hoy?<\/a><\/li><\/ul><\/li><li><a href=\"#h-guia-completa-inti-raymi-peru-2026\" data-level=\"2\">Gu\u00eda Completa Inti Raymi Per\u00fa 2026<\/a><ul><li><a href=\"#h-cronograma-del-inti-raymi-2026\" data-level=\"3\">Cronograma del Inti Raymi 2026<\/a><\/li><li><a href=\"#h-recorrido-del-inti-raymi\" data-level=\"3\">Recorrido del Inti Raymi<\/a><\/li><li><a href=\"#h-que-sucede-en-cada-escenario-del-inti-raymi\" data-level=\"3\">Qu\u00e9 sucede en cada escenario del Inti Raymi<\/a><\/li><li><a href=\"#h-entradas-para-el-inti-raymi-2026\" data-level=\"3\">Entradas para el Inti Raymi 2026<\/a><\/li><\/ul><\/li><li><a href=\"#h-consejos-clave-para-disfrutar-el-inti-raymi-2026\" data-level=\"2\">Consejos clave para disfrutar el Inti Raymi 2026<\/a><ul><li><a href=\"#h-que-ropa-usar-para-el-inti-raymi\" data-level=\"3\">Qu\u00e9 ropa usar para el Inti Raymi<\/a><\/li><li><a href=\"#h-donde-ver-el-inti-raymi\" data-level=\"3\">\u00bfD\u00f3nde ver el Inti Raymi?<\/a><\/li><li><a href=\"#h-recomendaciones-finales-para-tu-viaje-al-inti-raymi\" data-level=\"3\">Recomendaciones finales para tu viaje al Inti Raymi<\/a><\/li><\/ul><\/li><li><a href=\"#h-preguntas-frecuentes-sobre-el-inti-raymi-en-peru\" data-level=\"2\">Preguntas frecuentes sobre el Inti Raymi en Per\u00fa<\/a><\/li><li><a href=\"#h-vive-el-inti-raymi-la-fiesta-del-sol-en-cusco\" data-level=\"2\">Vive el Inti Raymi, la fiesta del sol en Cusco<\/a><\/li><li><a href=\"#h-te-puede-interesar\" data-level=\"2\">Te puede interesar:<\/a><\/li><\/ul><\/div>\n\n\n\n<h2 class=\"wp-block-heading\" id=\"h-que-es-el-inti-raymi\">\u00bfQu\u00e9 es el Inti Raymi?<\/h2>\n\n\n\n<p>El Inti Raymi es una antigua ceremonia inca en honor a Inti, el dios sol, que se celebra cada 24 de junio en Cusco. Actualmente, es una recreaci\u00f3n hist\u00f3rica que revive rituales, danzas y tradiciones del Imperio Inca frente a miles de visitantes.<\/p>\n\n\n\n<h2 class=\"wp-block-heading\" id=\"h-historia-del-inti-raymi-en-el-imperio-inca\">Historia del Inti Raymi en el Imperio Inca<\/h2>\n\n\n\n<p>El Inti Raymi fue, durante el Tahuantinsuyo, la celebraci\u00f3n m\u00e1s sagrada e importante del calendario inca, instaurada por el Inca Pachac\u00fatec en el siglo XV. Este ritual se realizaba en honor al sol, Inti, al que consideraban fuente de vida, energ\u00eda y equilibrio del universo, marcando adem\u00e1s el inicio de un nuevo ciclo agr\u00edcola. Ten\u00eda lugar en espacios sagrados como Qorikancha y reun\u00eda a toda la estructura social del imperio.<\/p>\n\n\n\n<p>La ceremonia del Festival del Sol pod\u00eda extenderse por varios d\u00edas e inclu\u00eda una serie de rituales, ofrendas, danzas y sacrificios cuyo principal objetivo era asegurar la prosperidad y el bienestar del imperio. M\u00e1s all\u00e1 de su profunda dimensi\u00f3n espiritual, el Inti Raymi cumpl\u00eda tambi\u00e9n un rol pol\u00edtico y social crucial, ya que reforzaba el poder del Inca y la conexi\u00f3n integral entre el Estado, la naturaleza y el pueblo.<\/p>\n\n\n\n<p>El Inti Raymi combinaba, por lo tanto, elementos de religi\u00f3n, pol\u00edtica y cultura. Dentro de la compleja estructura del ritual, distintos grupos sociales cumpl\u00edan roles clave y espec\u00edficos durante la celebraci\u00f3n.<\/p>\n\n\n\n<div class=\"wp-block-columns is-layout-flex wp-container-core-columns-is-layout-9d6595d7 wp-block-columns-is-layout-flex\">\n<div class=\"wp-block-column is-layout-flow wp-block-column-is-layout-flow\"><div class=\"wp-block-image\">\n<figure class=\"aligncenter size-full\"><img loading=\"lazy\" decoding=\"async\" width=\"800\" height=\"1000\" src=\"https:\/\/www.caminosalkantay.com\/blog\/wp-content\/uploads\/2023\/05\/Qolla-Inti-Raymi.jpg\" alt=\"Qolla en el Inti Raymi\" class=\"wp-image-2500\"\/><figcaption class=\"wp-element-caption\">Qolla en el Inti Raymi<\/figcaption><\/figure>\n<\/div><\/div>\n\n\n\n<div class=\"wp-block-column is-layout-flow wp-block-column-is-layout-flow\"><div class=\"wp-block-image\">\n<figure class=\"aligncenter size-full\"><img loading=\"lazy\" decoding=\"async\" width=\"800\" height=\"1000\" src=\"https:\/\/www.caminosalkantay.com\/blog\/wp-content\/uploads\/2023\/05\/Bailarines-Inti-Raymi.jpg\" alt=\"Grupo de personas bailando en la explanada de Saqsayhuaman durante la fiesta del Inti Raymi.\" class=\"wp-image-2501\"\/><figcaption class=\"wp-element-caption\">Bailarines en el Inti Raymi<\/figcaption><\/figure>\n<\/div><\/div>\n<\/div>\n\n\n\n<h3 class=\"wp-block-heading\" id=\"h-personajes-mas-importantes-del-inti-raymi\">Personajes m\u00e1s importantes del Inti Raymi<\/h3>\n\n\n\n<p id=\"h-personajes-mas-importantes-del-inti-raymi-sapa-inca-el-hijo-del-sol\"><strong>Sapa Inca: el \u201cHijo del Sol\u201d<\/strong><\/p>\n\n\n\n<p>El <strong>Sapa Inca<\/strong> (del quechua <em>sapa inka<\/em>, \u201cinca \u00fanico\u201d o \u201csoberano absoluto\u201d) era la m\u00e1xima autoridad pol\u00edtica, religiosa y simb\u00f3lica del Tahuantinsuyo. Considerado descendiente directo del dios Inti (Sol), presid\u00eda todas las ceremonias del Inti Raymi.<\/p>\n\n\n\n<p>Durante el ritual, el Sapa Inca encabezaba las ofrendas, dirig\u00eda las invocaciones al Sol y realizaba actos simb\u00f3licos como el saludo al amanecer y la chicha ceremonial. Su rol representaba la conexi\u00f3n directa entre el mundo terrenal y el divino, garantizando el orden c\u00f3smico y la continuidad del ciclo agr\u00edcola.<\/p>\n\n\n\n<p><strong>Qolla: la reina y figura sagrada femenina<\/strong><\/p>\n\n\n\n<p>La Qolla (del quechua qoya, \u201creina\u201d o \u201cesposa principal\u201d) era la esposa del Sapa Inca y la mujer de mayor jerarqu\u00eda en el imperio.<\/p>\n\n\n\n<p>Su participaci\u00f3n en el Inti Raymi simbolizaba la dualidad andina (masculino\u2013femenino) y el equilibrio del universo. Acompa\u00f1aba al Sapa Inca en ceremonias clave y participaba en rituales vinculados a la fertilidad, la abundancia y la protecci\u00f3n del pueblo.<\/p>\n\n\n\n<p><strong>Willac Umu: el sumo sacerdote<\/strong><\/p>\n\n\n\n<p>El Willac Umu ( \u201cel que comunica o anuncia\u201d, es decir, sacerdote principal) era la m\u00e1xima autoridad religiosa del imperio.<\/p>\n\n\n\n<p>Era el encargado de interpretar la voluntad de los dioses, dirigir los sacrificios y supervisar los rituales sagrados. En el Inti Raymi, ten\u00eda un rol central al conducir las ceremonias principales y asegurar que cada acto se realizara conforme a las tradiciones ancestrales.<\/p>\n\n\n\n<p><strong>Acllas: las \u201cV\u00edrgenes del Sol\u201d<\/strong><\/p>\n\n\n\n<p>Las Acllas (del quechua aklla, \u201cescogida\u201d) eran mujeres seleccionadas desde ni\u00f1as por su belleza, habilidades o linaje para servir al Estado y a la religi\u00f3n.<\/p>\n\n\n\n<p>Viv\u00edan en los Acllahuasi (del quechua akllawasi, \u201ccasa de las escogidas\u201d), instituciones donde se dedicaban a tejer prendas finas (cumbi), preparar alimentos rituales y mantener el fuego sagrado.<\/p>\n\n\n\n<p>Durante el Inti Raymi, su participaci\u00f3n era esencial en las ofrendas, especialmente en la preparaci\u00f3n de la chicha ceremonial, elemento clave en los rituales de renovaci\u00f3n, fertilidad y agradecimiento al Sol.<\/p>\n\n\n\n<p><strong>Ayllus: la base de la organizaci\u00f3n social<\/strong><\/p>\n\n\n\n<p>El <strong>Ayllu<\/strong> (del quechua <em>ayllu<\/em>, \u201ccomunidad familiar o linaje\u201d) era la unidad b\u00e1sica de la sociedad inca, organizada en torno a v\u00ednculos de parentesco, territorio y pensamiento colectivo.<\/p>\n\n\n\n<p>En el Inti Raymi, cada ayllu enviaba representantes con danzas, productos agr\u00edcolas y ofrendas, reafirmando su relaci\u00f3n con el Estado y con el dios Inti. Este acto reflejaba la cohesi\u00f3n social y el principio andino de reciprocidad (ayni).<\/p>\n\n\n\n<p><strong>Representantes de los cuatro suyos<\/strong><\/p>\n\n\n\n<p>El Tahuantinsuyo (del quechua tawantin suyu, \u201clas cuatro regiones unidas\u201d) estaba dividido en:<\/p>\n\n\n\n<ul class=\"wp-block-list\">\n<li>Chinchaysuyo (norte)<\/li>\n\n\n\n<li>Collasuyo (sur)<\/li>\n\n\n\n<li>Antisuyo (este, selva)<\/li>\n\n\n\n<li>Contisuyo (oeste)<\/li>\n<\/ul>\n\n\n\n<p>Cada regi\u00f3n enviaba delegaciones con vestimentas tradicionales y tributos como textiles, metales y alimentos. Esta representaci\u00f3n reafirmaba la diversidad cultural del imperio y la integraci\u00f3n pol\u00edtica bajo el poder del Sapa Inca.<\/p>\n\n\n\n<p><strong>Ej\u00e9rcito imperial: s\u00edmbolo de poder y expansi\u00f3n<\/strong><\/p>\n\n\n\n<p>El ej\u00e9rcito del Tahuantinsuyo representaba la fuerza, disciplina y expansi\u00f3n territorial del imperio.<\/p>\n\n\n\n<p>Durante el Inti Raymi, los guerreros participaban con atuendos ceremoniales y armas simb\u00f3licas, destacando la estrecha relaci\u00f3n entre poder militar, autoridad pol\u00edtica y religi\u00f3n. Su presencia reforzaba la idea de protecci\u00f3n divina y orden imperial.<\/p>\n\n\n\n<p><strong>Otros participantes ceremoniales<\/strong><\/p>\n\n\n\n<p>Adem\u00e1s de los personajes principales, participaban otros actores importantes:<\/p>\n\n\n\n<ul class=\"wp-block-list\">\n<li>Amautas (del quechua amawta, \u201csabio\u201d): fil\u00f3sofos y maestros encargados de transmitir el conocimiento.<\/li>\n\n\n\n<li>Haravicus (poetas): responsables de los cantos y relatos ceremoniales.<\/li>\n\n\n\n<li>Yanaconas: servidores del Estado que apoyaban en la log\u00edstica de la ceremonia. <\/li>\n<\/ul>\n\n\n\n<p id=\"h-en-conjunto-una-representacion-del-orden-del-mundo-andino\"><strong>En conjunto: una representaci\u00f3n del orden del mundo andino<\/strong><\/p>\n\n\n\n<p>El Inti Raymi no era solo una ceremonia religiosa, sino una representaci\u00f3n completa del orden pol\u00edtico, social y espiritual del Imperio Inca. Cada personaje cumpl\u00eda una funci\u00f3n espec\u00edfica que reflejaba la cosmovisi\u00f3n andina, basada en el equilibrio, la reciprocidad y la conexi\u00f3n entre el ser humano, la naturaleza y lo divino.<\/p>\n\n\n\n<div class=\"wp-block-columns is-layout-flex wp-container-core-columns-is-layout-9d6595d7 wp-block-columns-is-layout-flex\">\n<div class=\"wp-block-column is-layout-flow wp-block-column-is-layout-flow\"><div class=\"wp-block-image\">\n<figure class=\"aligncenter size-large\"><img loading=\"lazy\" decoding=\"async\" width=\"1024\" height=\"683\" src=\"https:\/\/www.caminosalkantay.com\/blog\/wp-content\/uploads\/2024\/05\/Fiesta-Inti-Raymi-generada-IA-1024x683.jpg\" alt=\"Fiesta del Inti Raymi generada por IA\" class=\"wp-image-5114\"\/><figcaption class=\"wp-element-caption\">Fiesta del Inti Raymi generada por IA<\/figcaption><\/figure>\n<\/div><\/div>\n<\/div>\n\n\n\n<h3 class=\"wp-block-heading\" id=\"h-el-inicio-del-ritual-del-inti-raymi\">El inicio del ritual del Inti Raymi<\/h3>\n\n\n\n<p>La ceremonia comenzaba con la entrada triunfal del Sapa Inca en la actual Cusco, ya sea en la Plaza de Armas (antes conocida como Huacaypata) o en Sacsayhuam\u00e1n.<\/p>\n\n\n\n<p>El Inca era acompa\u00f1ado por:<\/p>\n\n\n\n<ul class=\"wp-block-list\">\n<li><strong>Acllas<\/strong>, mujeres que esparc\u00edan flores como s\u00edmbolo de pureza<\/li>\n\n\n\n<li><strong>Pichaq<\/strong>, hombres encargados de limpiar espiritualmente el espacio<\/li>\n\n\n\n<li><strong>El Kumillo<\/strong>, quien portaba la Achiwa (sombrilla ceremonial de plumas)<\/li>\n<\/ul>\n\n\n\n<p>Este ingreso marcaba el inicio de una de las ceremonias m\u00e1s imponentes del mundo andino.<\/p>\n\n\n\n<h3 class=\"wp-block-heading\" id=\"h-significado-del-inti-raymi-el-culto-al-sol\">Significado del Inti Raymi: el culto al sol<\/h3>\n\n\n\n<p>En la cosmovisi\u00f3n andina, el sol (Inti) era la deidad suprema y el origen de toda vida. Su culto representaba no solo la energ\u00eda vital, sino tambi\u00e9n el orden del universo y la continuidad del tiempo.<\/p>\n\n\n\n<p>Durante el Inti Raymi, los incas realizaban ceremonias de agradecimiento y renovaci\u00f3n, buscando asegurar buenas cosechas, equilibrio natural y protecci\u00f3n divina. Este v\u00ednculo sagrado con el sol sigue siendo el coraz\u00f3n simb\u00f3lico del festival hasta hoy.<\/p>\n\n\n\n<div class=\"wp-block-columns is-layout-flex wp-container-core-columns-is-layout-9d6595d7 wp-block-columns-is-layout-flex\">\n<div class=\"wp-block-column is-layout-flow wp-block-column-is-layout-flow\"><div class=\"wp-block-image\">\n<figure class=\"aligncenter size-large\"><img loading=\"lazy\" decoding=\"async\" width=\"1024\" height=\"683\" src=\"https:\/\/www.caminosalkantay.com\/blog\/wp-content\/uploads\/2024\/05\/Ceremonia-Qoricancha-Inti-Raymi-1024x683.jpg\" alt=\"Ceremonia en Qoricancha de Inti Raymi frente al Sol de Echenique\" class=\"wp-image-5117\"\/><figcaption class=\"wp-element-caption\">Ceremonia en Qoricancha de Inti Raymi<\/figcaption><\/figure>\n<\/div><\/div>\n<\/div>\n\n\n\n<h2 class=\"wp-block-heading\" id=\"h-inti-raymi-antes-vs-ahora\">Inti Raymi antes vs ahora<\/h2>\n\n\n\n<h3 class=\"wp-block-heading\" id=\"h-la-reconstruccion-moderna-del-inti-raymi\">La reconstrucci\u00f3n moderna del Inti Raymi<\/h3>\n\n\n\n<p>Tras la llegada de los espa\u00f1oles, el Inti Raymi fue prohibido como parte del proceso de imposici\u00f3n religiosa. Sin embargo, su memoria sobrevivi\u00f3 gracias a cr\u00f3nicas como los escritos del Inca Garcilaso de la Vega.<\/p>\n\n\n\n<p>En 1943, el intelectual peruano Humberto Vidal Unda propuso recuperar esta tradici\u00f3n. Un a\u00f1o despu\u00e9s, en 1944, se realiz\u00f3 la primera escenificaci\u00f3n moderna, estableciendo el 24 de junio como el D\u00eda del Cusco.<\/p>\n\n\n\n<p>El escritor Faustino Espinoza Navarro fue el primer actor en representar al Inca, marcando un hito en la preservaci\u00f3n de la cultura andina.<\/p>\n\n\n\n<p class=\"green\"><strong>Dato importante:<\/strong> En 2001, el Estado peruano declar\u00f3 el Inti Raymi como Patrimonio Cultural de la Naci\u00f3n, reconociendo su valor hist\u00f3rico, cultural y simb\u00f3lico para el Per\u00fa.<\/p>\n\n\n\n<div class=\"wp-block-columns is-layout-flex wp-container-core-columns-is-layout-9d6595d7 wp-block-columns-is-layout-flex\">\n<div class=\"wp-block-column is-layout-flow wp-block-column-is-layout-flow\"><div class=\"wp-block-image\">\n<figure class=\"aligncenter size-large\"><img loading=\"lazy\" decoding=\"async\" width=\"1024\" height=\"683\" src=\"https:\/\/www.caminosalkantay.com\/blog\/wp-content\/uploads\/2024\/05\/Cusco-24-de-junio-1975-Celebracion-del-Inti-Raymi-o-Fiesta-del-Sol-1024x683.jpg\" alt=\"Cusco - 24 de junio 1975  Celebraci\u00f3n del Inti Raymi o Fiesta del Sol | El Peruano\" class=\"wp-image-5113\"\/><figcaption class=\"wp-element-caption\">Cusco &#8211; 24 de junio 1975  Celebraci\u00f3n del Inti Raymi o Fiesta del Sol | El Peruano<\/figcaption><\/figure>\n<\/div><\/div>\n<\/div>\n\n\n\n<h3 class=\"wp-block-heading\" id=\"h-el-inti-raymi-en-la-actualidad\">El Inti Raymi en la actualidad<\/h3>\n\n\n\n<p>El Inti Raymi ha trascendido siglos, adapt\u00e1ndose a nuevas \u00e9pocas sin perder su esencia cultural y simb\u00f3lica. Hoy, esta celebraci\u00f3n combina tradici\u00f3n ancestral con una puesta en escena cuidadosamente recreada, convirti\u00e9ndose en una de las festividades m\u00e1s importantes de Cusco.<\/p>\n\n\n\n<h3 class=\"wp-block-heading\" id=\"h-diferencias-entre-el-inti-raymi-inca-y-el-actual\">Diferencias entre el Inti Raymi inca y el actual<\/h3>\n\n\n\n<p>Antes de ver el detalle completo, estas son las principales diferencias:<\/p>\n\n\n\n<ul class=\"wp-block-list\">\n<li>Antes: ceremonia religiosa real<\/li>\n\n\n\n<li>Hoy: representaci\u00f3n cultural y tur\u00edstica<\/li>\n\n\n\n<li>Antes: duraci\u00f3n de varios d\u00edas<\/li>\n\n\n\n<li>Hoy: actividad central de un d\u00eda (24 de junio)<\/li>\n\n\n\n<li>Antes: rituales con sacrificios reales<\/li>\n\n\n\n<li>Hoy: recreaciones simb\u00f3licas<\/li>\n<\/ul>\n\n\n\n<h3 class=\"wp-block-heading\" id=\"h-comparativa-completa-del-inti-raymi\">Comparativa completa del Inti Raymi<\/h3>\n\n\n\n<figure class=\"wp-block-table table-orange\"><table class=\"has-fixed-layout\"><tbody><tr><td><strong>Aspecto<\/strong><\/td><td><strong>Inti Raymi en el Imperio Inca (1430\u20131532)<\/strong><\/td><td><strong>Inti Raymi actual (desde 1944 a la actualidad)<\/strong><\/td><\/tr><tr><td><strong>Actividad<\/strong><\/td><td>Ceremonia religiosa con rituales, sacrificios y ofrendas al dios Sol.<\/td><td>Representaci\u00f3n teatral con fines culturales y tur\u00edsticos.<\/td><\/tr><tr><td><strong>Duraci\u00f3n<\/strong><\/td><td>Hasta <strong>15 d\u00edas<\/strong> antes del solsticio de invierno.<\/td><td><strong>1 d\u00eda<\/strong> (24 de junio, declarado \u00abD\u00eda del Cusco\u00bb). Incluye eventos previos como el Qhapaq Inti (saludo al sol) al amanecer.<\/td><\/tr><tr><td><strong>Asistencia<\/strong><\/td><td><strong>Se estima que fueron m\u00e1s de 50,000 personas <\/strong>(pobladores del Tahuantinsuyo, nobles, sacerdotes y guerreros).<\/td><td><strong>M\u00e1s de 60,000 espectadores <\/strong>(turistas internacionales y locales) + 1,000 actores (bailarines, m\u00fasicos y performers). Transmitido en vivo por TV y redes sociales.<\/td><\/tr><tr><td><strong>Prop\u00f3sito<\/strong><\/td><td><strong>Culto al sol, <\/strong>renovaci\u00f3n agr\u00edcola y legitimaci\u00f3n del poder del Inca.<\/td><td><strong>Preservaci\u00f3n cultural, turismo y dinamizaci\u00f3n econ\u00f3mica<\/strong><\/td><\/tr><tr><td><strong>Escenario<\/strong><\/td><td>Qorikancha (templo del sol),Huacaypata (actual Plaza de Armas)Sacsayhuam\u00e1n<\/td><td>1. Qorikancha (inicio ceremonial)2. Plaza de Armas (escena intermedia: el encuentro entre dos mundos \u2013 Intervenci\u00f3n del alcalde del Cusco, quien rinde cuentas al Inca).3. Sacsayhuam\u00e1n (acto principal con grader\u00edas para espectadores).<\/td><\/tr><tr><td><strong>Rituales<\/strong><\/td><td>Sacrificios reales, uso de fuego sagrado, ofrendas de coca y chicha.&nbsp;<\/td><td>Espect\u00e1culo coreogr\u00e1fico, discursos en quechua y ofrendas simb\u00f3licas:Saludo al Sol.Lectura de la coca.Sacrificio de la llama (simulaci\u00f3n).Encendido del fuego sagradoBrindis con la chicha de jora.<\/td><\/tr><tr><td><strong>Vestimenta<\/strong><\/td><td>Telas finas de alpaca, oro y plumas de aves ex\u00f3ticas. Dise\u00f1os exclusivos para los nobles.<\/td><td>R\u00e9plicas hist\u00f3ricas elaboradas artesanalmente.- Unku (t\u00fanica inca)- Mascaipacha (borla imperial)- Joyas tradicionales de plata<\/td><\/tr><tr><td><strong>Idioma<\/strong><\/td><td>Quechua antiguo (lengua oficial del imperio).<\/td><td>Quechua y espa\u00f1ol (con traducci\u00f3n para turistas). Guion supervisado por la Academia Mayor de la Lengua Quechua.<\/td><\/tr><tr><td><strong>Financiamiento<\/strong><\/td><td>Recursos del Estado Inca (tributos de los suyos).<\/td><td>Patrocinio de empresas privadas y gobierno regional. Venta de entradas.<\/td><\/tr><tr><td><strong>Impacto Global<\/strong><\/td><td>Conocido solo en el Tahuantinsuyo.<\/td><td>Actividad internacional:- Ha sido difundido por medios internacionales como National Geographic y la BBC.- Atrae influencers y documentalistas de todo el mundo.<\/td><\/tr><\/tbody><\/table><\/figure>\n\n\n\n<div class=\"wp-block-columns is-layout-flex wp-container-core-columns-is-layout-9d6595d7 wp-block-columns-is-layout-flex\">\n<div class=\"wp-block-column is-layout-flow wp-block-column-is-layout-flow\"><div class=\"wp-block-image\">\n<figure class=\"aligncenter size-large\"><img loading=\"lazy\" decoding=\"async\" width=\"1024\" height=\"683\" src=\"https:\/\/www.caminosalkantay.com\/blog\/wp-content\/uploads\/2024\/05\/Cusco-24-junio-1975-Celebracion-Inti-Raymi-Fiesta-Sol-1024x683.jpg\" alt=\"Cusco - 24 de junio 1975  Celebraci\u00f3n del Inti Raymi o Fiesta del Sol | El Peruano\" class=\"wp-image-5112\"\/><figcaption class=\"wp-element-caption\">Cusco &#8211; 24 de junio 1975  Celebraci\u00f3n del Inti Raymi o Fiesta del Sol | El Peruano<\/figcaption><\/figure>\n<\/div><\/div>\n<\/div>\n\n\n\n<h3 class=\"wp-block-heading\" id=\"h-por-que-el-inti-raymi-sigue-siendo-importante-hoy\">\u00bfPor qu\u00e9 el Inti Raymi sigue siendo importante hoy?<\/h3>\n\n\n\n<p>Hoy, el Inti Raymi no solo es una recreaci\u00f3n hist\u00f3rica, sino tambi\u00e9n una expresi\u00f3n viva de identidad cultural andina. A trav\u00e9s de danzas, m\u00fasica y rituales, permite a miles de personas conectar con el legado del Imperio Inca.<\/p>\n\n\n\n<p>Adem\u00e1s, se ha convertido en un motor clave para el turismo en Cusco, atrayendo visitantes de todo el mundo que buscan vivir una experiencia aut\u00e9ntica vinculada a la historia y cosmovisi\u00f3n andina.<\/p>\n\n\n\n<p class=\"orange\">Si quieres entender mejor el contexto cultural del Inti Raymi, te recomendamos explorar nuestro blog sobre las <a href=\"https:\/\/www.caminosalkantay.com\/blog\/festividades-en-cusco\/\" target=\"_blank\" rel=\"noreferrer noopener\"><strong>festividades en Cusco<\/strong><\/a>, donde descubrir\u00e1s otras celebraciones andinas que enriquecen la experiencia del mes jubilar y complementan tu visita durante esta \u00e9poca especial.<\/p>\n\n\n\n<div class=\"wp-block-columns is-layout-flex wp-container-core-columns-is-layout-9d6595d7 wp-block-columns-is-layout-flex\">\n<div class=\"wp-block-column is-layout-flow wp-block-column-is-layout-flow\"><div class=\"wp-block-image\">\n<figure class=\"aligncenter size-full\"><img loading=\"lazy\" decoding=\"async\" width=\"800\" height=\"1000\" src=\"https:\/\/www.caminosalkantay.com\/blog\/wp-content\/uploads\/2023\/05\/Cusco-rinde-homenaje-sol-Inti-Raymi.jpg\" alt=\"Cusco rinde homenaje al sol en el Inti Raymi.\" class=\"wp-image-2506\"\/><figcaption class=\"wp-element-caption\">Homenaje al sol en el Inti Raymi.<\/figcaption><\/figure>\n<\/div><\/div>\n\n\n\n<div class=\"wp-block-column is-layout-flow wp-block-column-is-layout-flow\"><div class=\"wp-block-image\">\n<figure class=\"aligncenter size-full\"><img loading=\"lazy\" decoding=\"async\" width=\"800\" height=\"1000\" src=\"https:\/\/www.caminosalkantay.com\/blog\/wp-content\/uploads\/2023\/05\/Inti-Raymi-Cusco-1.jpg\" alt=\"El sol brilla sobre Cusco en el Inti Raymi.\" class=\"wp-image-2507\"\/><figcaption class=\"wp-element-caption\">Inti Raymi en Cusco.<\/figcaption><\/figure>\n<\/div><\/div>\n<\/div>\n\n\n\n<h2 class=\"wp-block-heading\" id=\"h-guia-completa-inti-raymi-peru-2026\">Gu\u00eda Completa Inti Raymi Per\u00fa 2026<\/h2>\n\n\n\n<p>El 24 de junio de 2026, Cusco ser\u00e1 escenario del Inti Raymi Per\u00fa, una de las celebraciones culturales m\u00e1s importantes de Sudam\u00e9rica. Esta festividad, que honra al dios sol Inti, re\u00fane historia, rituales y espect\u00e1culo en tres escenarios sagrados que reviven el esplendor del Imperio Inca.<\/p>\n\n\n\n<p>Si est\u00e1s planificando tu viaje, aqu\u00ed encontrar\u00e1s el cronograma completo del Inti Raymi 2026, los lugares clave y qu\u00e9 esperar en cada etapa.<\/p>\n\n\n\n<h3 class=\"wp-block-heading\" id=\"h-cronograma-del-inti-raymi-2026\">Cronograma del Inti Raymi 2026<\/h3>\n\n\n\n<figure class=\"wp-block-table table-orange\"><table class=\"has-fixed-layout\"><tbody><tr><td><strong>Etapa<\/strong><\/td><td><strong>Ubicaci\u00f3n<\/strong><\/td><td><strong>Hora<\/strong><\/td><td><strong>Duraci\u00f3n<\/strong><\/td><td><strong>Actividad principal<\/strong><\/td><\/tr><tr><td><strong>Primera parte<\/strong><\/td><td>Qorikancha(Templo del Sol)<\/td><td>9:00 a. m.<\/td><td>45 minutos<\/td><td>\u00abSaludo al Sol\u00bb con acllas, m\u00fasicos y danzantes. Ingreso del Inca.<\/td><\/tr><tr><td colspan=\"5\">El Inca y su s\u00e9quito ingresan por el Intikijllu (actual calle Loreto) hacia la Plaza de Armas.<\/td><\/tr><tr><td><strong>Segunda Parte<\/strong><\/td><td>Plaza de Armas(Huaqaypata)<\/td><td>10:30 a. m.&nbsp;(aprox.)<\/td><td>1 hora<\/td><td>\u00abEncuentro de los Tiempos y Ceremonia de la Coca\u00bb.<\/td><\/tr><tr><td colspan=\"5\">El Inca y su s\u00e9quito salen hacia la calle Saphy desde donde parten hacia Sacsayhuam\u00e1n.<\/td><\/tr><tr><td><strong>Tercera Parte<\/strong><\/td><td>Sacsayhuam\u00e1n(Explanada Principal)<\/td><td>1:00 p.m.(aprox.)<\/td><td>2 horas<\/td><td><strong>Ceremonia Central: <\/strong>Ofrendas, sacrificio ritual y danzas en honor al Inti.<\/td><\/tr><tr><td colspan=\"5\"><strong>Finalizaci\u00f3n:<\/strong> Aproximadamente <strong>3:30 p.m. <\/strong>(puede extenderse).<\/td><\/tr><\/tbody><\/table><\/figure>\n\n\n\n<h3 class=\"wp-block-heading\" id=\"h-recorrido-del-inti-raymi\">Recorrido del Inti Raymi<\/h3>\n\n\n\n<div class=\"wp-block-columns is-layout-flex wp-container-core-columns-is-layout-9d6595d7 wp-block-columns-is-layout-flex\">\n<div class=\"wp-block-column is-layout-flow wp-block-column-is-layout-flow\">\n<figure class=\"wp-block-image size-large\"><img loading=\"lazy\" decoding=\"async\" width=\"1024\" height=\"683\" src=\"https:\/\/www.caminosalkantay.com\/blog\/wp-content\/uploads\/2025\/04\/recorrido-intiraymi-ES-1024x683.jpg\" alt=\"Mapa del recorrido del Inti Raymi en Cusco, Per\u00fa.\" class=\"wp-image-7988\"\/><figcaption class=\"wp-element-caption\">Mapa del recorrido del Inti Raymi<\/figcaption><\/figure>\n<\/div>\n<\/div>\n\n\n\n<h3 class=\"wp-block-heading\" id=\"h-que-sucede-en-cada-escenario-del-inti-raymi\">Qu\u00e9 sucede en cada escenario del Inti Raymi<\/h3>\n\n\n\n<p>El Inti Raymi se desarrolla en tres espacios hist\u00f3ricos que representan el coraz\u00f3n espiritual y pol\u00edtico del mundo inca. Cada uno tiene un significado \u00fanico dentro de la ceremonia.<\/p>\n\n\n\n<p><strong>1. Qorikancha<\/strong><\/p>\n\n\n\n<p>Comienza con un espectacular acto ceremonial en el Qorikancha, antiguo Templo del Sol del Imperio Inca. Con la salida del sol iluminando sus muros dorados, el Inca hace su primera aparici\u00f3n p\u00fablica, elevando una emotiva invocaci\u00f3n al dios Inti para agradecerle la vida, el alimento y el poder de la naturaleza. Rodeado por sacerdotes y danzantes andinos ataviados con trajes tradicionales, este acto marca el inicio del nuevo ciclo solar con una energ\u00eda espiritual \u00fanica que atrae cada a\u00f1o a miles de visitantes.<\/p>\n\n\n\n<div class=\"wp-block-columns is-layout-flex wp-container-core-columns-is-layout-9d6595d7 wp-block-columns-is-layout-flex\">\n<div class=\"wp-block-column is-layout-flow wp-block-column-is-layout-flow\"><div class=\"wp-block-image\">\n<figure class=\"aligncenter size-full\"><img loading=\"lazy\" decoding=\"async\" width=\"920\" height=\"611\" src=\"https:\/\/www.caminosalkantay.com\/blog\/wp-content\/uploads\/2023\/05\/qorikancha-inti-raymi.jpg\" alt=\"Festividad de Inti Raymi en Qorikancha\" class=\"wp-image-2499\"\/><figcaption class=\"wp-element-caption\">Festividad de Inti Raymi en Qorikancha<\/figcaption><\/figure>\n<\/div><\/div>\n<\/div>\n\n\n\n<p><strong>2. Plaza de Armas<\/strong><\/p>\n\n\n\n<p>En el coraz\u00f3n de Cusco, la hist\u00f3rica Plaza de Armas, antigua Huacaypata, se transforma en un m\u00edtico escenario donde el Inca recibe a representantes de los cuatro suyos del Tahuantinsuyo (Chinchaysuyo, Antisuyo, Collasuyo y Contisuyo). Aqu\u00ed, se recrea el anuncio del nuevo a\u00f1o solar con rituales ancestrales, lecturas de augurios por parte de sabios amautas y una impresionante danza colectiva que representa la unidad de los pueblos. En este escenario, el Inca se encuentra con el alcalde del Cusco, quien a su vez le rinde cuentas sobre c\u00f3mo est\u00e1 trabajando por la ciudad (este evento ha sido incluido recientemente).<\/p>\n\n\n\n<div class=\"wp-block-columns is-layout-flex wp-container-core-columns-is-layout-9d6595d7 wp-block-columns-is-layout-flex\">\n<div class=\"wp-block-column is-layout-flow wp-block-column-is-layout-flow\"><div class=\"wp-block-image\">\n<figure class=\"aligncenter size-large\"><img loading=\"lazy\" decoding=\"async\" width=\"1024\" height=\"683\" src=\"https:\/\/www.caminosalkantay.com\/blog\/wp-content\/uploads\/2024\/05\/Inca-ceremonia-Inti-Raymi-sosteniendo-quipu-1024x683.jpg\" alt=\"Inca en la ceremonia del Inti Raymi sosteniendo un Quipu\" class=\"wp-image-2645\"\/><figcaption class=\"wp-element-caption\">Inca en la ceremonia del Inti Raymi sosteniendo un Quipu<\/figcaption><\/figure>\n<\/div><\/div>\n<\/div>\n\n\n\n<p><strong>3. Sacsayhuam\u00e1n<\/strong><\/p>\n\n\n\n<p>La explanada de Sacsayhuam\u00e1n, con su imponente arquitectura megal\u00edtica, alberga el acto central del Inti Raymi, considerado uno de los espect\u00e1culos culturales m\u00e1s grandes de Am\u00e9rica Latina. Aqu\u00ed se representa el ritual principal del antiguo Imperio Inca, con ofrendas simb\u00f3licas a la Pachamama, danzas sagradas, la entrega de chicha y el tradicional y simb\u00f3lico sacrificio de una llama, cuya interpretaci\u00f3n ritual augura el futuro del nuevo ciclo solar. Esta ceremonia re\u00fane a m\u00e1s de 700 actores en escena, fusionando arte, tradici\u00f3n y espiritualidad en una escenograf\u00eda natural impresionante.<\/p>\n\n\n\n<div class=\"wp-block-columns is-layout-flex wp-container-core-columns-is-layout-9d6595d7 wp-block-columns-is-layout-flex\">\n<div class=\"wp-block-column is-layout-flow wp-block-column-is-layout-flow\"><div class=\"wp-block-image\">\n<figure class=\"aligncenter size-large\"><img loading=\"lazy\" decoding=\"async\" width=\"1024\" height=\"683\" src=\"https:\/\/www.caminosalkantay.com\/blog\/wp-content\/uploads\/2024\/05\/tradicional-sacrificio-llamas-Inti-Raymi-1024x683.jpg\" alt=\"El tradicional sacrificio de llama en el Inti Raymi\" class=\"wp-image-5111\"\/><figcaption class=\"wp-element-caption\">El tradicional sacrificio de llama en el Inti Raymi<\/figcaption><\/figure>\n<\/div><\/div>\n<\/div>\n\n\n\n<h3 class=\"wp-block-heading\" id=\"h-entradas-para-el-inti-raymi-2026\">Entradas para el Inti Raymi 2026<\/h3>\n\n\n\n<p>Las entradas oficiales para el Inti Raymi 2026 son gestionadas exclusivamente por la Empresa Municipal de Festejos del Cusco, entidad responsable de la organizaci\u00f3n del evento desde su recreaci\u00f3n moderna.<\/p>\n\n\n\n<p>La compra se realiza a trav\u00e9s de la plataforma autorizada de <a href=\"https:\/\/teleticket.com.pe\/\" target=\"_blank\" rel=\"noreferrer noopener nofollow\"><strong>Teleticket<\/strong><\/a><strong>, <\/strong>as\u00ed como mediante agencias de viaje autorizadas que operan con cupos oficiales.<\/p>\n\n\n\n<p class=\"red\"><strong>Importante: <\/strong>Adquiere tus boletos \u00fanicamente a trav\u00e9s de canales oficiales para evitar fraudes, reventas o sobreprecios. <\/p>\n\n\n\n<h4 class=\"wp-block-heading\" id=\"h-entradas-para-el-qorikancha\">Entradas para el Qorikancha<\/h4>\n\n\n\n<p>La tribuna del Qorikancha est\u00e1 ubicada estrat\u00e9gicamente sobre la Av. El Sol, ofreciendo una vista directa del inicio ceremonial, incluyendo el saludo al Sol y la primera aparici\u00f3n del Inca.<\/p>\n\n\n\n<h5 class=\"wp-block-heading\" id=\"h-donde-comprar-entradas-para-el-inti-raymi-en-el-qorikancha\">\u00bfD\u00f3nde comprar entradas para el Inti Raymi en el Qorikancha?<\/h5>\n\n\n\n<p>Para el tramo inicial del Inti Raymi en el Qorikancha, es importante entender c\u00f3mo funciona realmente el acceso:<\/p>\n\n\n\n<ul class=\"wp-block-list\">\n<li><strong>Tribunas oficiales (pagadas):<\/strong> Las entradas para el Qorikancha corresponden a una <strong>tribuna instalada en la Av. El Sol<\/strong>, frente al templo. Estas entradas <strong>no se venden dentro del Qorikancha<\/strong>, ya que el acceso al recinto durante la ceremonia est\u00e1 restringido a los actores y organizaci\u00f3n.<\/li>\n\n\n\n<li><strong>Canales de compra:<\/strong>\n<ul class=\"wp-block-list\">\n<li>Plataforma oficial Teleticket<\/li>\n\n\n\n<li>Agencias autorizadas (con paquetes o entradas individuales)<\/li>\n<\/ul>\n<\/li>\n\n\n\n<li><strong>Alternativa gratuita:<\/strong><strong><br><\/strong> Es posible ver la ceremonia desde los alrededores del Qorikancha (veredas y zonas p\u00fablicas), pero:\n<ul class=\"wp-block-list\">\n<li>No incluye asiento<\/li>\n\n\n\n<li>La visibilidad es limitada<\/li>\n\n\n\n<li>Se requiere llegar con varias horas de anticipaci\u00f3n<\/li>\n<\/ul>\n<\/li>\n<\/ul>\n\n\n\n<p class=\"green\"><strong>Dato clave:<\/strong> La tribuna del Qorikancha es una de las opciones m\u00e1s accesibles para ver el inicio del Inti Raymi sin desplazarse hasta Sacsayhuam\u00e1n. <\/p>\n\n\n\n<p><strong>Tribuna \u00danica Qorikancha<\/strong><\/p>\n\n\n\n<p>Aforo: 350 butacas<\/p>\n\n\n\n<figure class=\"wp-block-table\"><table class=\"has-fixed-layout\"><thead><tr><th>Tipo de Boleto<\/th><th>Precio soles S\/.<\/th><th>Precio USD<\/th><\/tr><\/thead><tbody><tr><td><strong>General<\/strong><\/td><td>S\/. 235.00\u00a0<\/td><td>69.00 USD<\/td><\/tr><tr><td><strong>Ni\u00f1os<\/strong><\/td><td>S\/. 120.00<\/td><td>35.00 USD<\/td><\/tr><tr><td><strong>Gu\u00edas<\/strong><\/td><td>S\/. 120.00<\/td><td>35.00 USD<\/td><\/tr><tr><td><strong>Nacional<\/strong><\/td><td>S\/. 150.00<\/td><td>44.00 USD<\/td><\/tr><\/tbody><\/table><\/figure>\n\n\n\n<div class=\"wp-block-columns is-layout-flex wp-container-core-columns-is-layout-9d6595d7 wp-block-columns-is-layout-flex\">\n<div class=\"wp-block-column is-layout-flow wp-block-column-is-layout-flow\"><div class=\"wp-block-image\">\n<figure class=\"aligncenter size-full\"><img loading=\"lazy\" decoding=\"async\" width=\"1024\" height=\"768\" src=\"https:\/\/www.caminosalkantay.com\/blog\/wp-content\/uploads\/2024\/05\/Inti-Raymi-Qoricancha-EMUFEC.jpg\" alt=\"Foto panor\u00e1mica de la festividad del Inti Raymi en Qoricancha\" class=\"wp-image-5110\"\/><figcaption class=\"wp-element-caption\">Inti Raymi en Qoricancha | EMUFEC<\/figcaption><\/figure>\n<\/div><\/div>\n<\/div>\n\n\n\n<h4 class=\"wp-block-heading\" id=\"h-entradas-para-sacsayhuaman\">Entradas para Sacsayhuam\u00e1n<\/h4>\n\n\n\n<p>La ceremonia principal se realiza en Sacsayhuam\u00e1n, donde existen tres tribunas oficiales.<\/p>\n\n\n\n<h5 class=\"wp-block-heading\" id=\"h-donde-comprar-entradas-para-el-inti-raymi-en-sacsayhuaman\"><strong>\u00bfD\u00f3nde comprar entradas para el Inti Raymi en Sacsayhuam\u00e1n<\/strong>?<\/h5>\n\n\n\n<p>Es importante entender c\u00f3mo funciona realmente el acceso:<\/p>\n\n\n\n<ul class=\"wp-block-list\">\n<li><strong>Tribunas oficiales (pagadas):<\/strong> Las entradas para Sacsayhuam\u00e1n corresponden a tribunas oficiales (Verde, Roja y Naranja) ubicadas en la explanada principal, donde se realiza la ceremonia central del Inti Raymi. Estas tribunas ofrecen asientos y vista directa del espect\u00e1culo. El acceso a la zona ceremonial est\u00e1 restringido \u00fanicamente a asistentes con entrada.<\/li>\n\n\n\n<li><strong>Canales de compra:<\/strong>\n<ul class=\"wp-block-list\">\n<li>Plataforma oficial de Teleticket<\/li>\n\n\n\n<li>Agencias autorizadas (paquetes o entradas individuales)<\/li>\n<\/ul>\n<\/li>\n\n\n\n<li><strong>Alternativa gratuita:<\/strong> Es posible ver la ceremonia desde zonas altas y alrededores, pero:\n<ul class=\"wp-block-list\">\n<li>No incluye asiento<\/li>\n\n\n\n<li>La visibilidad es limitada o lejana<\/li>\n\n\n\n<li>Se requiere llegar temprano (antes de las 8:00\u20139:00 a. m.)<\/li>\n<\/ul>\n<\/li>\n<\/ul>\n\n\n\n<p class=\"green\"><strong>Dato clave:<\/strong> La mejor experiencia del Inti Raymi en Sacsayhuam\u00e1n se obtiene desde las tribunas oficiales. Las tribunas ofrecen distintas perspectivas; la diferencia principal es el \u00e1ngulo de visi\u00f3n y cercan\u00eda al escenario.<\/p>\n\n\n\n<p><strong>Tribuna verde<\/strong><\/p>\n\n\n\n<ul class=\"wp-block-list\">\n<li>Categor\u00eda Illapa<\/li>\n\n\n\n<li>Aforo: 810 butacas<\/li>\n<\/ul>\n\n\n\n<figure class=\"wp-block-table table-green\"><table class=\"has-fixed-layout\"><thead><tr><th><strong>Tipo de Boleto<\/strong><\/th><th><strong>Precio soles S\/.<\/strong><\/th><th><strong>Precio USD<\/strong><\/th><\/tr><\/thead><tbody><tr><td><strong>General<\/strong><\/td><td>S\/. 490.00\u00a0<\/td><td>143.00 USD<\/td><\/tr><tr><td><strong>Ni\u00f1os<\/strong><\/td><td>S\/. 250.00<\/td><td>73.00 USD<\/td><\/tr><tr><td><strong>Gu\u00edas<\/strong><\/td><td>S\/. 250.00<\/td><td>73.00 USD<\/td><\/tr><tr><td><strong>Nacional<\/strong><\/td><td>S\/. 250.00<\/td><td>73.00 USD<\/td><\/tr><\/tbody><\/table><\/figure>\n\n\n\n<p><strong>Tribuna roja<\/strong><\/p>\n\n\n\n<ul class=\"wp-block-list\">\n<li>Categor\u00eda Chaska<\/li>\n\n\n\n<li>Aforo: 1188 butacas<\/li>\n<\/ul>\n\n\n\n<figure class=\"wp-block-table table-red\"><table class=\"has-fixed-layout\"><thead><tr><th>Tipo de Boleto<\/th><th>Precio soles S\/.<\/th><th>Precio USD<\/th><\/tr><\/thead><tbody><tr><td><strong>General<\/strong><\/td><td>S\/. 680.00\u00a0<\/td><td>198.00 USD<\/td><\/tr><tr><td><strong>Ni\u00f1os<\/strong><\/td><td>S\/. 340.00<\/td><td>99.00 USD<\/td><\/tr><tr><td><strong>Gu\u00edas<\/strong><\/td><td>S\/. 340.00<\/td><td>99.00 USD<\/td><\/tr><\/tbody><\/table><\/figure>\n\n\n\n<p><strong>Tribuna naranja<\/strong><\/p>\n\n\n\n<ul class=\"wp-block-list\">\n<li>Categor\u00eda Killa VIP<\/li>\n\n\n\n<li>Aforo: 448 butacas<\/li>\n<\/ul>\n\n\n\n<figure class=\"wp-block-table table-orange\"><table class=\"has-fixed-layout\"><thead><tr><th>Tipo de Boleto<\/th><th>Precio soles S\/.<\/th><th>Precio USD<\/th><\/tr><\/thead><tbody><tr><td><strong>General<\/strong><\/td><td>S\/. 730.00\u00a0<\/td><td>213.00 USD<\/td><\/tr><tr><td><strong>Ni\u00f1os<\/strong><\/td><td>S\/. 365.00<\/td><td>107.00 USD<\/td><\/tr><tr><td><strong>Gu\u00edas<\/strong><\/td><td>S\/. 365.00<\/td><td>107.00 USD<\/td><\/tr><\/tbody><\/table><\/figure>\n\n\n\n<p><strong>Tribuna naranja VIP<\/strong><\/p>\n\n\n\n<ul class=\"wp-block-list\">\n<li>Categor\u00eda Inti Super VIP<\/li>\n\n\n\n<li>Aforo: 1320 butacas<\/li>\n<\/ul>\n\n\n\n<figure class=\"wp-block-table table-orange\"><table class=\"has-fixed-layout\"><thead><tr><th>Tipo de Boleto<\/th><th>Precio soles S\/.<\/th><th>Precio USD<\/th><\/tr><\/thead><tbody><tr><td><strong>General<\/strong><\/td><td>S\/. 850.00\u00a0<\/td><td>248.00 USD<\/td><\/tr><tr><td><strong>Ni\u00f1os<\/strong><\/td><td>S\/. 430.00<\/td><td>126.00 USD<\/td><\/tr><tr><td><strong>Gu\u00edas<\/strong><\/td><td>S\/. 430.00<\/td><td>126.00 USD<\/td><\/tr><\/tbody><\/table><\/figure>\n\n\n\n<p>Incluye: \u00e1ngulo visual preferencial, gift box, confort.\u00a0<\/p>\n\n\n\n<div class=\"wp-block-columns is-layout-flex wp-container-core-columns-is-layout-9d6595d7 wp-block-columns-is-layout-flex\">\n<div class=\"wp-block-column is-layout-flow wp-block-column-is-layout-flow\"><div class=\"wp-block-image\">\n<figure class=\"aligncenter size-large\"><img loading=\"lazy\" decoding=\"async\" width=\"1024\" height=\"715\" src=\"https:\/\/www.caminosalkantay.com\/blog\/wp-content\/uploads\/2024\/05\/Zonas-Saqsayhuaman-Inti-Rayni-1024x715.jpg\" alt=\"Entradas seg\u00fan las tres zonas desde las que se puede disfrutar del Inti Raymi en Saqsayhuaman.\" class=\"wp-image-2508\"\/><figcaption class=\"wp-element-caption\">Zonas en Saqsayhuaman para ver el Inti Rayni<\/figcaption><\/figure>\n<\/div><\/div>\n<\/div>\n\n\n\n<h4 class=\"wp-block-heading\" id=\"h-recomendacion-clave-para-asegurar-tu-entrada\">Recomendaci\u00f3n clave para asegurar tu entrada<\/h4>\n\n\n\n<p>Las entradas para el Inti Raymi suelen ponerse a la venta entre <strong>abril y junio<\/strong>, y la demanda es muy alta, especialmente para Sacsayhuam\u00e1n.<\/p>\n\n\n\n<p><strong>Advertencias importantes<\/strong>:<\/p>\n\n\n\n<ul class=\"wp-block-list\">\n<li>Los boletos pueden agotarse en pocos d\u00edas<\/li>\n\n\n\n<li>Las mejores ubicaciones se venden primero<\/li>\n\n\n\n<li>Los precios mostrados son referenciales, basados en el a\u00f1o anterior<\/li>\n<\/ul>\n\n\n\n<p class=\"green\"><strong>Recomendaci\u00f3n:<\/strong> Reserva con la mayor anticipaci\u00f3n posible, especialmente si viajas en temporada alta o en grupo.<\/p>\n\n\n\n<div class=\"wp-block-columns is-layout-flex wp-container-core-columns-is-layout-9d6595d7 wp-block-columns-is-layout-flex\">\n<div class=\"wp-block-column is-layout-flow wp-block-column-is-layout-flow\"><div class=\"wp-block-image\">\n<figure class=\"aligncenter size-full\"><img loading=\"lazy\" decoding=\"async\" width=\"800\" height=\"1000\" src=\"https:\/\/www.caminosalkantay.com\/blog\/wp-content\/uploads\/2023\/06\/Inti-Raymi-en-Saqsaywaman.jpg\" alt=\"Inti Raymi en Saqsaywaman\" class=\"wp-image-364\"\/><figcaption class=\"wp-element-caption\">Inti Raymi en Saqsaywaman<\/figcaption><\/figure>\n<\/div><\/div>\n\n\n\n<div class=\"wp-block-column is-layout-flow wp-block-column-is-layout-flow\"><div class=\"wp-block-image\">\n<figure class=\"aligncenter size-full\"><img loading=\"lazy\" decoding=\"async\" width=\"800\" height=\"1000\" src=\"https:\/\/www.caminosalkantay.com\/blog\/wp-content\/uploads\/2023\/06\/Ceremonia-del-Inti-Raymi.jpg\" alt=\"Ceremonia del Inti Raymi\" class=\"wp-image-363\"\/><figcaption class=\"wp-element-caption\">Ceremonia del Inti Raymi<\/figcaption><\/figure>\n<\/div><\/div>\n<\/div>\n\n\n\n<h2 class=\"wp-block-heading\" id=\"h-consejos-clave-para-disfrutar-el-inti-raymi-2026\">Consejos clave para disfrutar el Inti Raymi 2026<\/h2>\n\n\n\n<p>Para vivir al m\u00e1ximo el Inti Raymi en Cusco, ten en cuenta estos consejos pr\u00e1cticos:<\/p>\n\n\n\n<ul class=\"wp-block-list\">\n<li><strong>Planificaci\u00f3n<\/strong>\n<ul class=\"wp-block-list\">\n<li>Reserva tus entradas con anticipaci\u00f3n<\/li>\n\n\n\n<li>Llega temprano (m\u00ednimo 2\u20133 horas antes)<\/li>\n<\/ul>\n<\/li>\n\n\n\n<li><strong>Idioma<\/strong>\n<ul class=\"wp-block-list\">\n<li>La ceremonia es en quechua<\/li>\n\n\n\n<li>Puedes contratar gu\u00edas con traducci\u00f3n<\/li>\n<\/ul>\n<\/li>\n\n\n\n<li><strong>Movilidad<\/strong>\n<ul class=\"wp-block-list\">\n<li>El tr\u00e1nsito se restringe<\/li>\n\n\n\n<li>Considera tours organizados o caminar<\/li>\n<\/ul>\n<\/li>\n\n\n\n<li><strong>Seguridad y comodidad<\/strong>\n<ul class=\"wp-block-list\">\n<li>Lleva agua y snacks<\/li>\n\n\n\n<li>Evita objetos de valor visibles<\/li>\n\n\n\n<li>Usa mochila ligera<\/li>\n<\/ul>\n<\/li>\n\n\n\n<li><strong>Dinero<\/strong>\n<ul class=\"wp-block-list\">\n<li>Lleva efectivo<\/li>\n\n\n\n<li>Cajeros cercanos suelen estar congestionados<\/li>\n<\/ul>\n<\/li>\n\n\n\n<li><strong>Altitud<\/strong>\n<ul class=\"wp-block-list\">\n<li>Cusco est\u00e1 a 3,400 m s. n. m.\/ 11, 155 pies.<\/li>\n\n\n\n<li>Hidr\u00e1tate y evita esfuerzo excesivo<\/li>\n<\/ul>\n<\/li>\n\n\n\n<li><strong>Experiencia<\/strong>\n<ul class=\"wp-block-list\">\n<li>Lleva bater\u00eda extra<\/li>\n\n\n\n<li>Respeta la ceremonia (no interrumpir)<\/li>\n<\/ul>\n<\/li>\n\n\n\n<li><strong>Alternativa<\/strong>\n<ul class=\"wp-block-list\">\n<li>Si no consigues entradas, puedes ver transmisiones en vivo por internet.<\/li>\n<\/ul>\n<\/li>\n<\/ul>\n\n\n\n<div class=\"wp-block-columns is-layout-flex wp-container-core-columns-is-layout-9d6595d7 wp-block-columns-is-layout-flex\">\n<div class=\"wp-block-column is-layout-flow wp-block-column-is-layout-flow\"><div class=\"wp-block-image\">\n<figure class=\"aligncenter size-large\"><img loading=\"lazy\" decoding=\"async\" width=\"1024\" height=\"683\" src=\"https:\/\/www.caminosalkantay.com\/blog\/wp-content\/uploads\/2024\/05\/Inti-Raymi-Saqsayhuaman-1024x683.jpg\" alt=\"Foto panor\u00e1mica de la fiesta del Inti Raymi en Saqsayhuaman\" class=\"wp-image-5118\"\/><figcaption class=\"wp-element-caption\">La fiesta del Inti Raymi en Saqsayhuaman<\/figcaption><\/figure>\n<\/div><\/div>\n<\/div>\n\n\n\n<h3 class=\"wp-block-heading\" id=\"h-que-ropa-usar-para-el-inti-raymi\">Qu\u00e9 ropa usar para el Inti Raymi<\/h3>\n\n\n\n<p>El clima en Cusco es cambiante: ma\u00f1anas fr\u00edas, mediod\u00eda soleado y tardes frescas. Por eso, vestirse en capas es la mejor estrategia para disfrutar el Inti Raymi con comodidad.<\/p>\n\n\n\n<p><strong>1. Ropa en capas (clave en los Andes<\/strong>)<\/p>\n\n\n\n<ul class=\"wp-block-list\">\n<li><strong>Primera capa (base):<\/strong> camiseta t\u00e9rmica o de manga larga transpirable<\/li>\n\n\n\n<li><strong>Segunda capa (abrigo):<\/strong> chompa de lana, polar o fleece<\/li>\n\n\n\n<li><strong>Tercera capa (externa):<\/strong> chaqueta cortaviento, impermeable o poncho<\/li>\n\n\n\n<li><strong>Parte inferior:<\/strong> pantalones de trekking, jeans o pantalones ligeros (evita ropa muy pesada)<\/li>\n<\/ul>\n\n\n\n<p><strong>2. Calzado c\u00f3modo y resistent<\/strong>e<\/p>\n\n\n\n<ul class=\"wp-block-list\">\n<li>Botas de trekking o zapatillas con buen agarre<\/li>\n\n\n\n<li>Ideal para terrenos irregulares como Sacsayhuam\u00e1n<\/li>\n\n\n\n<li>Evita sandalias o calzado sin soporte<\/li>\n<\/ul>\n\n\n\n<p><strong>3. Accesorios indispensable<\/strong>s<\/p>\n\n\n\n<ul class=\"wp-block-list\">\n<li>Gorro, sombrero o chullo andino<\/li>\n\n\n\n<li>Bufanda o chal<\/li>\n\n\n\n<li>Gafas de sol<\/li>\n\n\n\n<li>Bloqueador solar (SPF 50+). El sol en altura puede ser muy intenso incluso en invierno.<\/li>\n<\/ul>\n\n\n\n<p><strong>4. Qu\u00e9 no llevar al Inti Raym<\/strong>i<\/p>\n\n\n\n<ul class=\"wp-block-list\">\n<li>Ropa demasiado abrigada (puede incomodar al mediod\u00eda)<\/li>\n\n\n\n<li>Zapatos inc\u00f3modos<\/li>\n\n\n\n<li>Maletas grandes (mejor mochila ligera)<\/li>\n<\/ul>\n\n\n\n<p class=\"green\"><strong>Consejo clave: <\/strong>Aunque las ma\u00f1anas son fr\u00edas, el sol del mediod\u00eda en Cusco puede ser fuerte. Vestirte en capas te permitir\u00e1 adaptarte f\u00e1cilmente durante el d\u00eda. <\/p>\n\n\n\n<div class=\"wp-block-columns is-layout-flex wp-container-core-columns-is-layout-9d6595d7 wp-block-columns-is-layout-flex\">\n<div class=\"wp-block-column is-layout-flow wp-block-column-is-layout-flow\">\n<figure class=\"wp-block-image size-large\"><img loading=\"lazy\" decoding=\"async\" width=\"1024\" height=\"683\" src=\"https:\/\/www.caminosalkantay.com\/blog\/wp-content\/uploads\/2025\/04\/turista-viendo-festividad-cusco-1024x683.jpg\" alt=\"Turista viendo una festividad en Cusco. \" class=\"wp-image-7987\"\/><figcaption class=\"wp-element-caption\">Viajero en Cusco. <\/figcaption><\/figure>\n<\/div>\n<\/div>\n\n\n\n<h3 class=\"wp-block-heading\" id=\"h-donde-ver-el-inti-raymi\">\u00bfD\u00f3nde ver el Inti Raymi?<\/h3>\n\n\n\n<p>Una de las preguntas m\u00e1s importantes para los viajeros es: <strong>\u00bfdesde d\u00f3nde ver el Inti Raymi?. <\/strong>Aqu\u00ed tienes las mejores opciones seg\u00fan cada tramo del recorrido.<\/p>\n\n\n\n<h4 class=\"wp-block-heading\" id=\"h-restaurantes-y-cafes-con-vista-al-recorrido\">Restaurantes y caf\u00e9s con vista al recorrido<\/h4>\n\n\n\n<h5 class=\"wp-block-heading\" id=\"h-tramo-qorikancha-plaza-de-armas\">Tramo: Qorikancha \u2192 Plaza de Armas<\/h5>\n\n\n\n<ul class=\"wp-block-list\">\n<li>Prohibido Craft Food &amp; Drinks<\/li>\n\n\n\n<li>Varayoc Chicken &amp; Grill<\/li>\n<\/ul>\n\n\n\n<h5 class=\"wp-block-heading\" id=\"h-tramo-plaza-de-armas-de-cusco\">Tramo: Plaza de Armas de Cusco<\/h5>\n\n\n\n<ul class=\"wp-block-list\">\n<li>Casa Cusque\u00f1a<\/li>\n\n\n\n<li>Paddy&#8217;s Irish Pub<\/li>\n\n\n\n<li>LIMO Peruano Nikkei<\/li>\n\n\n\n<li>Morena Peruvian Kitchen<\/li>\n\n\n\n<li>Inka Grill<\/li>\n\n\n\n<li>Tunupa Plaza de Armas<\/li>\n\n\n\n<li>Calle del Medio Restaurante<\/li>\n\n\n\n<li>Micaela Restaurant<\/li>\n\n\n\n<li>Plaza Caf\u00e9<\/li>\n<\/ul>\n\n\n\n<p>Muchos ofrecen balcones con vista privilegiada (algunos requieren reserva anticipada o consumo m\u00ednimo).<\/p>\n\n\n\n<h5 class=\"wp-block-heading\" id=\"h-tramo-calle-plateros-calle-saphy\">Tramo: Calle Plateros \u2192 Calle Saphy<\/h5>\n\n\n\n<ul class=\"wp-block-list\">\n<li>Sagrado Restaurant<\/li>\n\n\n\n<li>Il Olivo Trattoria<\/li>\n\n\n\n<li>La Rep\u00fablica del Pisco<\/li>\n<\/ul>\n\n\n\n<h4 class=\"wp-block-heading\" id=\"h-mejores-lugares-para-ver-el-inti-raymi-gratis\">Mejores lugares para ver el Inti Raymi gratis<\/h4>\n\n\n\n<p><strong>Qorikancha:<\/strong> Puedes ubicarte en las gradas frente al Qorikancha o alrededores. Llega muy temprano (desde las 5:00 a. m.)<\/p>\n\n\n\n<p><strong>Plaza de Armas<\/strong>: La plaza se llena r\u00e1pidamente. Alternativa: balcones de restaurantes u hoteles cercanos<\/p>\n\n\n\n<p><strong>Sacsayhuam\u00e1n<\/strong>: Tribunas oficiales (pagadas, mejor experiencia), laderas y cerros cercanos (gratis). Llega antes de las 9:00 a. m. para encontrar espacio. <\/p>\n\n\n\n<h4 class=\"wp-block-heading\" id=\"h-mejores-hoteles-para-ver-el-inti-raymi\">Mejores hoteles para ver el Inti Raymi<\/h4>\n\n\n\n<p>Si quieres una experiencia m\u00e1s c\u00f3moda y exclusiva, puedes hospedarte en hoteles con vista directa al recorrido:<\/p>\n\n\n\n<ul class=\"wp-block-list\">\n<li>Palacio del Inka, a Luxury Collection Hotel<\/li>\n\n\n\n<li>Abittare Hotel<\/li>\n\n\n\n<li>Hotel Unaytambo Cusco<\/li>\n\n\n\n<li>Loreto Hotel Boutique<\/li>\n\n\n\n<li>Hotel Plaza de Armas Cusco<\/li>\n<\/ul>\n\n\n\n<p><strong>Beneficios<\/strong>:<\/p>\n\n\n\n<ul class=\"wp-block-list\">\n<li>Vista directa al desfile del Inti Raymi<\/li>\n\n\n\n<li>Ubicaci\u00f3n privilegiada del recorrido<\/li>\n\n\n\n<li>Evitas multitudes<\/li>\n\n\n\n<li>Experiencia m\u00e1s c\u00f3moda y exclusiva<\/li>\n<\/ul>\n\n\n\n<h3 class=\"wp-block-heading\" id=\"h-recomendaciones-finales-para-tu-viaje-al-inti-raymi\">Recomendaciones finales para tu viaje al Inti Raymi<\/h3>\n\n\n\n<ul class=\"wp-block-list\">\n<li><strong>Explora los atractivos de Cusco: <\/strong>Aprovecha tu viaje para descubrir maravillas como <a href=\"https:\/\/www.caminosalkantay.com\/tours-machu-picchu\/\" target=\"_blank\" rel=\"noreferrer noopener\"><strong>Machu Picchu<\/strong><\/a>, el Valle Sagrado de los Incas y el imponente centro hist\u00f3rico de Cusco, declarado Patrimonio de la Humanidad.<\/li>\n\n\n\n<li><strong>Del\u00e9itate con la gastronom\u00eda cusque\u00f1a: <\/strong>Saborea aut\u00e9nticos platillos andinos como la papa a la huanca\u00edna, el lomo saltado y el tradicional cuy al horno, una experiencia culinaria \u00fanica.<\/li>\n<\/ul>\n\n\n\n<div class=\"wp-block-columns is-layout-flex wp-container-core-columns-is-layout-9d6595d7 wp-block-columns-is-layout-flex\">\n<div class=\"wp-block-column is-layout-flow wp-block-column-is-layout-flow\"><div class=\"wp-block-image\">\n<figure class=\"aligncenter size-large\"><img loading=\"lazy\" decoding=\"async\" width=\"1024\" height=\"683\" src=\"https:\/\/www.caminosalkantay.com\/blog\/wp-content\/uploads\/2024\/05\/Consejos-esenciales-Inti-Raymi-1024x683.jpg\" alt=\"Consejos esenciales para el Inti Raymi\" class=\"wp-image-5109\"\/><figcaption class=\"wp-element-caption\">Consejos esenciales para el Inti Raymi<\/figcaption><\/figure>\n<\/div><\/div>\n<\/div>\n\n\n\n<h2 class=\"wp-block-heading\" id=\"h-preguntas-frecuentes-sobre-el-inti-raymi-en-peru\">Preguntas frecuentes sobre el Inti Raymi en Per\u00fa<\/h2>\n\n\n\n<div class=\"schema-faq wp-block-yoast-faq-block\"><div class=\"schema-faq-section\" id=\"faq-question-1776118565067\"><strong class=\"schema-faq-question\">\u00bfPor qu\u00e9 se celebra el Inti Raymi el 24 de junio?<\/strong> <p class=\"schema-faq-answer\">El Inti Raymi se celebra el 24 de junio porque coincide con el solsticio de invierno en el hemisferio sur, el d\u00eda m\u00e1s corto del a\u00f1o. Para los incas, este momento simbolizaba el renacimiento del sol y el inicio de un nuevo ciclo agr\u00edcola.<\/p> <\/div> <div class=\"schema-faq-section\" id=\"faq-question-1776118591281\"><strong class=\"schema-faq-question\">\u00bfPor qu\u00e9 se prohibi\u00f3 el Inti Raymi?<\/strong> <p class=\"schema-faq-answer\">Durante el siglo XVI, los conquistadores espa\u00f1oles prohibieron el Inti Raymi como parte de la imposici\u00f3n del catolicismo. Sin embargo, la tradici\u00f3n sobrevivi\u00f3 en la memoria colectiva y fue restaurada en 1944 como una recreaci\u00f3n cultural en Cusco.<\/p> <\/div> <div class=\"schema-faq-section\" id=\"faq-question-1776118609281\"><strong class=\"schema-faq-question\">\u00bfD\u00f3nde se celebra el Inti Raymi?<\/strong> <p class=\"schema-faq-answer\">El Inti Raymi se celebra principalmente en Cusco, antigua capital del Imperio Inca. La ceremonia tiene lugar en tres escenarios principales: Qorikancha, la Plaza de Armas y Sacsayhuam\u00e1n.<\/p> <\/div> <div class=\"schema-faq-section\" id=\"faq-question-1776118633009\"><strong class=\"schema-faq-question\">\u00bfQu\u00e9 se sacrificaba en el Inti Raymi?<\/strong> <p class=\"schema-faq-answer\">En la \u00e9poca inca, se realizaba el sacrificio de una llama como ofrenda al dios sol para asegurar buenas cosechas y equilibrio natural. En la actualidad, este ritual es simb\u00f3lico y forma parte de la recreaci\u00f3n cultural.<\/p> <\/div> <div class=\"schema-faq-section\" id=\"faq-question-1776118651418\"><strong class=\"schema-faq-question\">\u00bfQu\u00e9 significa \u201cInti Raymi\u201d?<\/strong> <p class=\"schema-faq-answer\">\u201cInti Raymi\u201d es una expresi\u00f3n en quechua que significa \u201cFiesta del Sol\u201d. \u201cInti\u201d se traduce como sol y \u201cRaymi\u201d como celebraci\u00f3n o festividad, siendo una de las ceremonias m\u00e1s importantes del Imperio Inca.<\/p> <\/div> <div class=\"schema-faq-section\" id=\"faq-question-1776118670345\"><strong class=\"schema-faq-question\">\u00bfEst\u00e1 permitido tomar fotograf\u00edas en el Inti Raymi?<\/strong> <p class=\"schema-faq-answer\">S\u00ed, est\u00e1 permitido tomar fotograf\u00edas durante el Inti Raymi. Sin embargo, se recomienda hacerlo con respeto, evitando interrumpir la ceremonia o bloquear la vista de otros asistentes.<\/p> <\/div> <div class=\"schema-faq-section\" id=\"faq-question-1776118685591\"><strong class=\"schema-faq-question\">\u00bfSe necesita alg\u00fan requisito especial para asistir?<\/strong> <p class=\"schema-faq-answer\">No se requieren requisitos especiales para asistir al Inti Raymi. Solo es necesario adquirir entradas con anticipaci\u00f3n (si deseas tribuna) y respetar las normas para una experiencia segura y aut\u00e9ntica.<\/p> <\/div> <div class=\"schema-faq-section\" id=\"faq-question-1776118701073\"><strong class=\"schema-faq-question\">\u00bfCu\u00e1les son los 4 raymis principales?<\/strong> <p class=\"schema-faq-answer\">Las cuatro celebraciones principales o <em>raymis<\/em> del calendario andino son: el <strong>Pawkar Raymi<\/strong>, que se realiza entre febrero y marzo para festejar la primera cosecha de ma\u00edz del a\u00f1o; el <strong>Inti Raymi<\/strong>, que se lleva a cabo en junio, rindiendo homenaje al dios sol; el <strong>Kulla Raymi<\/strong>, que se celebra en septiembre, marcando el inicio de la primavera; y el <strong>Kapak Raymi<\/strong>, que tiene lugar en diciembre y se\u00f1ala el comienzo del verano andino.<\/p> <\/div> <\/div>\n\n\n\n<div class=\"wp-block-columns is-layout-flex wp-container-core-columns-is-layout-9d6595d7 wp-block-columns-is-layout-flex\">\n<div class=\"wp-block-column is-layout-flow wp-block-column-is-layout-flow\"><div class=\"wp-block-image\">\n<figure class=\"aligncenter size-full\"><img loading=\"lazy\" decoding=\"async\" width=\"920\" height=\"613\" src=\"https:\/\/www.caminosalkantay.com\/blog\/wp-content\/uploads\/2023\/05\/Sacsayhuaman-Inti-Raymi.jpg\" alt=\"Escenificaci\u00f3n del Inti Raymi el sitio arqueol\u00f3gico de Sacsayhuaman\" class=\"wp-image-175\"\/><figcaption class=\"wp-element-caption\">Escenificaci\u00f3n del Inti Raymi el sitio arqueol\u00f3gico de Sacsayhuaman<\/figcaption><\/figure>\n<\/div><\/div>\n<\/div>\n\n\n\n<h2 class=\"wp-block-heading\" id=\"h-vive-el-inti-raymi-la-fiesta-del-sol-en-cusco\">Vive el Inti Raymi, la fiesta del sol en Cusco<\/h2>\n\n\n\n<p>Cada 24 de junio, la ciudad del Cusco se convierte en el epicentro de una celebraci\u00f3n impresionante: el Inti Raymi. Este no es un simple espect\u00e1culo, es una inmersi\u00f3n total en la historia y la cultura del Imperio Inca, donde cada ritual, danza y vestuario revive su grandioso legado ante tus propios ojos.<\/p>\n\n\n\n<p>Si buscas una aventura cultural genuina e inolvidable, el Inti Raymi Per\u00fa 2026 es lo que has estado buscando. \u00a1Asegura tu lugar y s\u00e9 parte de la experiencia andina m\u00e1s intensa! El <a href=\"https:\/\/www.caminosalkantay.com\/tradicional\/tours-1-dia-cusco\/\"><strong>Cusco<\/strong><\/a> te espera para vivir la m\u00e1gica historia inca.&nbsp;<\/p>\n\n\n\n<h2 class=\"wp-block-heading\" id=\"h-te-puede-interesar\">Te puede interesar:<\/h2>\n\n\n\n<ul class=\"wp-block-list\">\n<li><a href=\"https:\/\/www.caminosalkantay.com\/blog\/las-mejores-cosas-para-hacer-en-cusco-peru\/\"><strong>Las mejores cosas para hacer en Cusco, Per\u00fa.<\/strong><\/a><\/li>\n\n\n\n<li><a href=\"https:\/\/www.caminosalkantay.com\/blog\/donde-alojarse-en-cusco\/\"><strong>\u00bfD\u00f3nde alojarse en Cusco?<\/strong><\/a><\/li>\n\n\n\n<li><a href=\"https:\/\/www.caminosalkantay.com\/blog\/guia-esencial-de-cusco-consejos-y-recomendaciones-para-tu-viaje\/\"><strong>Gu\u00eda Esencial de Cusco: Consejos y Recomendaciones para tu Viaje.<\/strong><\/a><\/li>\n\n\n\n<li><a href=\"https:\/\/www.caminosalkantay.com\/blog\/mejor-epoca-para-visitar-cusco-peru\/\"><strong>Mejor \u00e9poca para visitar Cusco, Per\u00fa<\/strong><\/a><\/li>\n<\/ul>\n\n\n\n<p><\/p>\n\n\n\n<ul class=\"wp-block-list lang\">\n<li class=\"en\"><a href=\"https:\/\/www.salkantaytrekking.com\/blog\/inti-raymi-the-festival-of-the-sun\/\">EN<\/a><\/li>\n\n\n\n<li class=\"pt\"><a href=\"https:\/\/www.salkantaytrilha.com\/blog\/inti-raymi-a-festa-do-sol\/\">PT<\/a><\/li>\n<\/ul>\n\n\n\n<p><\/p>\n","protected":false},"excerpt":{"rendered":"<p>Si est\u00e1s planeando viajar a Cusco en junio, el Inti Raymi Per\u00fa es una de las experiencias culturales m\u00e1s impresionantes que puedes vivir. Esta tradici\u00f3n ancestral, conocida como el Festival del Sol, re\u00fane historia, tradici\u00f3n y espect\u00e1culo en una celebraci\u00f3n [&hellip;]<\/p>\n","protected":false},"author":7,"featured_media":2514,"comment_status":"open","ping_status":"open","sticky":false,"template":"","format":"standard","meta":{"footnotes":""},"categories":[1559,1556],"tags":[1560,1565,1567,1566,1561,1562,1568,1563],"class_list":["post-169","post","type-post","status-publish","format-standard","has-post-thumbnail","hentry","category-cultura-andina","category-viajes-en-cusco","tag-que-es-el-inti-raymi","tag-comparativa-completa-del-inti-raymi","tag-cronograma-del-inti-raymi-2026","tag-guia-completa-inti-raymi-peru-2026","tag-historia-del-inti-raymi-en-el-imperio-inca","tag-personajes-mas-importantes-del-inti-raymi","tag-recorrido-del-inti-raymi","tag-significado-del-inti-raymi-el-culto-al-sol"],"yoast_head":"<!-- This site is optimized with the Yoast SEO Premium plugin v27.4 (Yoast SEO v27.4) - https:\/\/yoast.com\/product\/yoast-seo-premium-wordpress\/ -->\n<title>Inti Raymi 2026 en Cusco: Gu\u00eda Completa, Entradas y Consejos<\/title>\n<meta name=\"description\" content=\"Descubre el Inti Raymi en Cusco: historia, significado, fechas, entradas y c\u00f3mo vivir la Fiesta del Sol en Per\u00fa. Gu\u00eda completa 2026.\" \/>\n<meta name=\"robots\" content=\"index, follow, max-snippet:-1, max-image-preview:large, max-video-preview:-1\" \/>\n<link rel=\"canonical\" href=\"https:\/\/www.caminosalkantay.com\/blog\/inti-raymi-la-fiesta-del-sol\/\" \/>\n<meta property=\"og:locale\" content=\"es_ES\" \/>\n<meta property=\"og:type\" content=\"article\" \/>\n<meta property=\"og:title\" content=\"Inti Raymi Per\u00fa 2026: el Festival del Sol en Cusco\" \/>\n<meta property=\"og:description\" content=\"Descubre el Inti Raymi en Cusco: historia, significado, fechas, entradas y c\u00f3mo vivir la Fiesta del Sol en Per\u00fa. Gu\u00eda completa 2026.\" \/>\n<meta property=\"og:url\" content=\"https:\/\/www.caminosalkantay.com\/blog\/inti-raymi-la-fiesta-del-sol\/\" \/>\n<meta property=\"og:site_name\" content=\"Informaci\u00f3n de Viajes a Machu Picchu | Cusco | Per\u00fa\" \/>\n<meta property=\"article:publisher\" content=\"https:\/\/www.facebook.com\/SalkantayTrekking\/\" \/>\n<meta property=\"article:published_time\" content=\"2026-04-14T00:06:01+00:00\" \/>\n<meta property=\"article:modified_time\" content=\"2026-04-16T20:38:45+00:00\" \/>\n<meta property=\"og:image\" content=\"https:\/\/www.caminosalkantay.com\/blog\/wp-content\/uploads\/2025\/04\/Inti-Raymi-2025-La-fiesta-del-Sol-16x9-1-1024x576.png\" \/>\n\t<meta property=\"og:image:width\" content=\"1024\" \/>\n\t<meta property=\"og:image:height\" content=\"576\" \/>\n\t<meta property=\"og:image:type\" content=\"image\/png\" \/>\n<meta name=\"author\" content=\"Jhon Cristopher Mora\" \/>\n<meta name=\"twitter:card\" content=\"summary_large_image\" \/>\n<meta name=\"twitter:creator\" content=\"@salkantayperu\" \/>\n<meta name=\"twitter:site\" content=\"@salkantayperu\" \/>\n<meta name=\"twitter:label1\" content=\"Escrito por\" \/>\n\t<meta name=\"twitter:data1\" content=\"Jhon Cristopher Mora\" \/>\n\t<meta name=\"twitter:label2\" content=\"Tiempo de lectura\" \/>\n\t<meta name=\"twitter:data2\" content=\"24 minutos\" \/>\n<script type=\"application\/ld+json\" class=\"yoast-schema-graph\">{\"@context\":\"https:\\\/\\\/schema.org\",\"@graph\":[{\"@type\":\"Article\",\"@id\":\"https:\\\/\\\/www.caminosalkantay.com\\\/blog\\\/inti-raymi-la-fiesta-del-sol\\\/#article\",\"isPartOf\":{\"@id\":\"https:\\\/\\\/www.caminosalkantay.com\\\/blog\\\/inti-raymi-la-fiesta-del-sol\\\/\"},\"author\":{\"name\":\"Jhon Cristopher Mora\",\"@id\":\"https:\\\/\\\/www.caminosalkantay.com\\\/blog\\\/#\\\/schema\\\/person\\\/26458f7f0459197972889538b14da34f\"},\"headline\":\"Inti Raymi Per\u00fa 2026: el Festival del Sol en Cusco\",\"datePublished\":\"2026-04-14T00:06:01+00:00\",\"dateModified\":\"2026-04-16T20:38:45+00:00\",\"mainEntityOfPage\":{\"@id\":\"https:\\\/\\\/www.caminosalkantay.com\\\/blog\\\/inti-raymi-la-fiesta-del-sol\\\/\"},\"wordCount\":4580,\"commentCount\":0,\"publisher\":{\"@id\":\"https:\\\/\\\/www.caminosalkantay.com\\\/blog\\\/#organization\"},\"image\":{\"@id\":\"https:\\\/\\\/www.caminosalkantay.com\\\/blog\\\/inti-raymi-la-fiesta-del-sol\\\/#primaryimage\"},\"thumbnailUrl\":\"https:\\\/\\\/www.caminosalkantay.com\\\/blog\\\/wp-content\\\/uploads\\\/2023\\\/05\\\/Inti-Raymi-fiesta-del-Sol.jpg\",\"keywords\":[\"\u00bfQu\u00e9 es el Inti Raymi?\",\"Comparativa completa del Inti Raymi\",\"Cronograma del Inti Raymi 2026\",\"Gu\u00eda Completa Inti Raymi Per\u00fa 2026\",\"Historia del Inti Raymi en el Imperio Inca\",\"Personajes m\u00e1s importantes del Inti Raymi\",\"Recorrido del Inti Raymi\",\"Significado del Inti Raymi: el culto al sol\"],\"articleSection\":[\"Cultura Andina\",\"Viajes en Cusco\"],\"inLanguage\":\"es\",\"potentialAction\":[{\"@type\":\"CommentAction\",\"name\":\"Comment\",\"target\":[\"https:\\\/\\\/www.caminosalkantay.com\\\/blog\\\/inti-raymi-la-fiesta-del-sol\\\/#respond\"]}],\"accessibilityFeature\":[\"tableOfContents\"]},{\"@type\":[\"WebPage\",\"FAQPage\"],\"@id\":\"https:\\\/\\\/www.caminosalkantay.com\\\/blog\\\/inti-raymi-la-fiesta-del-sol\\\/\",\"url\":\"https:\\\/\\\/www.caminosalkantay.com\\\/blog\\\/inti-raymi-la-fiesta-del-sol\\\/\",\"name\":\"Inti Raymi 2026 en Cusco: Gu\u00eda Completa, Entradas y Consejos\",\"isPartOf\":{\"@id\":\"https:\\\/\\\/www.caminosalkantay.com\\\/blog\\\/#website\"},\"primaryImageOfPage\":{\"@id\":\"https:\\\/\\\/www.caminosalkantay.com\\\/blog\\\/inti-raymi-la-fiesta-del-sol\\\/#primaryimage\"},\"image\":{\"@id\":\"https:\\\/\\\/www.caminosalkantay.com\\\/blog\\\/inti-raymi-la-fiesta-del-sol\\\/#primaryimage\"},\"thumbnailUrl\":\"https:\\\/\\\/www.caminosalkantay.com\\\/blog\\\/wp-content\\\/uploads\\\/2023\\\/05\\\/Inti-Raymi-fiesta-del-Sol.jpg\",\"datePublished\":\"2026-04-14T00:06:01+00:00\",\"dateModified\":\"2026-04-16T20:38:45+00:00\",\"description\":\"Descubre el Inti Raymi en Cusco: historia, significado, fechas, entradas y c\u00f3mo vivir la Fiesta del Sol en Per\u00fa. Gu\u00eda completa 2026.\",\"breadcrumb\":{\"@id\":\"https:\\\/\\\/www.caminosalkantay.com\\\/blog\\\/inti-raymi-la-fiesta-del-sol\\\/#breadcrumb\"},\"mainEntity\":[{\"@id\":\"https:\\\/\\\/www.caminosalkantay.com\\\/blog\\\/inti-raymi-la-fiesta-del-sol\\\/#faq-question-1776118565067\"},{\"@id\":\"https:\\\/\\\/www.caminosalkantay.com\\\/blog\\\/inti-raymi-la-fiesta-del-sol\\\/#faq-question-1776118591281\"},{\"@id\":\"https:\\\/\\\/www.caminosalkantay.com\\\/blog\\\/inti-raymi-la-fiesta-del-sol\\\/#faq-question-1776118609281\"},{\"@id\":\"https:\\\/\\\/www.caminosalkantay.com\\\/blog\\\/inti-raymi-la-fiesta-del-sol\\\/#faq-question-1776118633009\"},{\"@id\":\"https:\\\/\\\/www.caminosalkantay.com\\\/blog\\\/inti-raymi-la-fiesta-del-sol\\\/#faq-question-1776118651418\"},{\"@id\":\"https:\\\/\\\/www.caminosalkantay.com\\\/blog\\\/inti-raymi-la-fiesta-del-sol\\\/#faq-question-1776118670345\"},{\"@id\":\"https:\\\/\\\/www.caminosalkantay.com\\\/blog\\\/inti-raymi-la-fiesta-del-sol\\\/#faq-question-1776118685591\"},{\"@id\":\"https:\\\/\\\/www.caminosalkantay.com\\\/blog\\\/inti-raymi-la-fiesta-del-sol\\\/#faq-question-1776118701073\"}],\"inLanguage\":\"es\",\"potentialAction\":[{\"@type\":\"ReadAction\",\"target\":[\"https:\\\/\\\/www.caminosalkantay.com\\\/blog\\\/inti-raymi-la-fiesta-del-sol\\\/\"]}]},{\"@type\":\"ImageObject\",\"inLanguage\":\"es\",\"@id\":\"https:\\\/\\\/www.caminosalkantay.com\\\/blog\\\/inti-raymi-la-fiesta-del-sol\\\/#primaryimage\",\"url\":\"https:\\\/\\\/www.caminosalkantay.com\\\/blog\\\/wp-content\\\/uploads\\\/2023\\\/05\\\/Inti-Raymi-fiesta-del-Sol.jpg\",\"contentUrl\":\"https:\\\/\\\/www.caminosalkantay.com\\\/blog\\\/wp-content\\\/uploads\\\/2023\\\/05\\\/Inti-Raymi-fiesta-del-Sol.jpg\",\"width\":1920,\"height\":1340,\"caption\":\"Inti Raymi: La fiesta del Sol\"},{\"@type\":\"BreadcrumbList\",\"@id\":\"https:\\\/\\\/www.caminosalkantay.com\\\/blog\\\/inti-raymi-la-fiesta-del-sol\\\/#breadcrumb\",\"itemListElement\":[{\"@type\":\"ListItem\",\"position\":1,\"name\":\"Portada\",\"item\":\"https:\\\/\\\/www.caminosalkantay.com\\\/blog\\\/\"},{\"@type\":\"ListItem\",\"position\":2,\"name\":\"Inti Raymi Per\u00fa 2026: el Festival del Sol en Cusco\"}]},{\"@type\":\"WebSite\",\"@id\":\"https:\\\/\\\/www.caminosalkantay.com\\\/blog\\\/#website\",\"url\":\"https:\\\/\\\/www.caminosalkantay.com\\\/blog\\\/\",\"name\":\"Informaci\u00f3n de Viajes a Machu Picchu | Cusco | Per\u00fa\",\"description\":\"Informaci\u00f3n de Viajes a Machu Picchu | Cusco | Per\u00fa\",\"publisher\":{\"@id\":\"https:\\\/\\\/www.caminosalkantay.com\\\/blog\\\/#organization\"},\"potentialAction\":[{\"@type\":\"SearchAction\",\"target\":{\"@type\":\"EntryPoint\",\"urlTemplate\":\"https:\\\/\\\/www.caminosalkantay.com\\\/blog\\\/?s={search_term_string}\"},\"query-input\":{\"@type\":\"PropertyValueSpecification\",\"valueRequired\":true,\"valueName\":\"search_term_string\"}}],\"inLanguage\":\"es\"},{\"@type\":\"Organization\",\"@id\":\"https:\\\/\\\/www.caminosalkantay.com\\\/blog\\\/#organization\",\"name\":\"Camino Salkantay\",\"url\":\"https:\\\/\\\/www.caminosalkantay.com\\\/blog\\\/\",\"logo\":{\"@type\":\"ImageObject\",\"inLanguage\":\"es\",\"@id\":\"https:\\\/\\\/www.caminosalkantay.com\\\/blog\\\/#\\\/schema\\\/logo\\\/image\\\/\",\"url\":\"https:\\\/\\\/www.caminosalkantay.com\\\/blog\\\/wp-content\\\/uploads\\\/2023\\\/05\\\/salkantaytrekking-logo-300x128-1.png\",\"contentUrl\":\"https:\\\/\\\/www.caminosalkantay.com\\\/blog\\\/wp-content\\\/uploads\\\/2023\\\/05\\\/salkantaytrekking-logo-300x128-1.png\",\"width\":300,\"height\":128,\"caption\":\"Camino Salkantay\"},\"image\":{\"@id\":\"https:\\\/\\\/www.caminosalkantay.com\\\/blog\\\/#\\\/schema\\\/logo\\\/image\\\/\"},\"sameAs\":[\"https:\\\/\\\/www.facebook.com\\\/SalkantayTrekking\\\/\",\"https:\\\/\\\/x.com\\\/salkantayperu\",\"https:\\\/\\\/www.tumblr.com\\\/salkantay-trek\",\"https:\\\/\\\/www.instagram.com\\\/salkantaytrekking\\\/\",\"https:\\\/\\\/www.pinterest.com\\\/salkantaytrekking\\\/\",\"https:\\\/\\\/www.linkedin.com\\\/company\\\/salkantay-trekking\"]},{\"@type\":\"Person\",\"@id\":\"https:\\\/\\\/www.caminosalkantay.com\\\/blog\\\/#\\\/schema\\\/person\\\/26458f7f0459197972889538b14da34f\",\"name\":\"Jhon Cristopher Mora\",\"image\":{\"@type\":\"ImageObject\",\"inLanguage\":\"es\",\"@id\":\"https:\\\/\\\/secure.gravatar.com\\\/avatar\\\/5f4f8501fe9a8745effabb2d2a13a401841bd0659633e1b04db13c068451597d?s=96&d=mm&r=g\",\"url\":\"https:\\\/\\\/secure.gravatar.com\\\/avatar\\\/5f4f8501fe9a8745effabb2d2a13a401841bd0659633e1b04db13c068451597d?s=96&d=mm&r=g\",\"contentUrl\":\"https:\\\/\\\/secure.gravatar.com\\\/avatar\\\/5f4f8501fe9a8745effabb2d2a13a401841bd0659633e1b04db13c068451597d?s=96&d=mm&r=g\",\"caption\":\"Jhon Cristopher Mora\"},\"sameAs\":[\"https:\\\/\\\/www.caminosalkantay.com\\\/blog\\\/\"]},{\"@type\":\"Question\",\"@id\":\"https:\\\/\\\/www.caminosalkantay.com\\\/blog\\\/inti-raymi-la-fiesta-del-sol\\\/#faq-question-1776118565067\",\"position\":1,\"url\":\"https:\\\/\\\/www.caminosalkantay.com\\\/blog\\\/inti-raymi-la-fiesta-del-sol\\\/#faq-question-1776118565067\",\"name\":\"\u00bfPor qu\u00e9 se celebra el Inti Raymi el 24 de junio?\",\"answerCount\":1,\"acceptedAnswer\":{\"@type\":\"Answer\",\"text\":\"El Inti Raymi se celebra el 24 de junio porque coincide con el solsticio de invierno en el hemisferio sur, el d\u00eda m\u00e1s corto del a\u00f1o. Para los incas, este momento simbolizaba el renacimiento del sol y el inicio de un nuevo ciclo agr\u00edcola.\",\"inLanguage\":\"es\"},\"inLanguage\":\"es\"},{\"@type\":\"Question\",\"@id\":\"https:\\\/\\\/www.caminosalkantay.com\\\/blog\\\/inti-raymi-la-fiesta-del-sol\\\/#faq-question-1776118591281\",\"position\":2,\"url\":\"https:\\\/\\\/www.caminosalkantay.com\\\/blog\\\/inti-raymi-la-fiesta-del-sol\\\/#faq-question-1776118591281\",\"name\":\"\u00bfPor qu\u00e9 se prohibi\u00f3 el Inti Raymi?\",\"answerCount\":1,\"acceptedAnswer\":{\"@type\":\"Answer\",\"text\":\"Durante el siglo XVI, los conquistadores espa\u00f1oles prohibieron el Inti Raymi como parte de la imposici\u00f3n del catolicismo. Sin embargo, la tradici\u00f3n sobrevivi\u00f3 en la memoria colectiva y fue restaurada en 1944 como una recreaci\u00f3n cultural en Cusco.\",\"inLanguage\":\"es\"},\"inLanguage\":\"es\"},{\"@type\":\"Question\",\"@id\":\"https:\\\/\\\/www.caminosalkantay.com\\\/blog\\\/inti-raymi-la-fiesta-del-sol\\\/#faq-question-1776118609281\",\"position\":3,\"url\":\"https:\\\/\\\/www.caminosalkantay.com\\\/blog\\\/inti-raymi-la-fiesta-del-sol\\\/#faq-question-1776118609281\",\"name\":\"\u00bfD\u00f3nde se celebra el Inti Raymi?\",\"answerCount\":1,\"acceptedAnswer\":{\"@type\":\"Answer\",\"text\":\"El Inti Raymi se celebra principalmente en Cusco, antigua capital del Imperio Inca. La ceremonia tiene lugar en tres escenarios principales: Qorikancha, la Plaza de Armas y Sacsayhuam\u00e1n.\",\"inLanguage\":\"es\"},\"inLanguage\":\"es\"},{\"@type\":\"Question\",\"@id\":\"https:\\\/\\\/www.caminosalkantay.com\\\/blog\\\/inti-raymi-la-fiesta-del-sol\\\/#faq-question-1776118633009\",\"position\":4,\"url\":\"https:\\\/\\\/www.caminosalkantay.com\\\/blog\\\/inti-raymi-la-fiesta-del-sol\\\/#faq-question-1776118633009\",\"name\":\"\u00bfQu\u00e9 se sacrificaba en el Inti Raymi?\",\"answerCount\":1,\"acceptedAnswer\":{\"@type\":\"Answer\",\"text\":\"En la \u00e9poca inca, se realizaba el sacrificio de una llama como ofrenda al dios sol para asegurar buenas cosechas y equilibrio natural. En la actualidad, este ritual es simb\u00f3lico y forma parte de la recreaci\u00f3n cultural.\",\"inLanguage\":\"es\"},\"inLanguage\":\"es\"},{\"@type\":\"Question\",\"@id\":\"https:\\\/\\\/www.caminosalkantay.com\\\/blog\\\/inti-raymi-la-fiesta-del-sol\\\/#faq-question-1776118651418\",\"position\":5,\"url\":\"https:\\\/\\\/www.caminosalkantay.com\\\/blog\\\/inti-raymi-la-fiesta-del-sol\\\/#faq-question-1776118651418\",\"name\":\"\u00bfQu\u00e9 significa \u201cInti Raymi\u201d?\",\"answerCount\":1,\"acceptedAnswer\":{\"@type\":\"Answer\",\"text\":\"\u201cInti Raymi\u201d es una expresi\u00f3n en quechua que significa \u201cFiesta del Sol\u201d. \u201cInti\u201d se traduce como sol y \u201cRaymi\u201d como celebraci\u00f3n o festividad, siendo una de las ceremonias m\u00e1s importantes del Imperio Inca.\",\"inLanguage\":\"es\"},\"inLanguage\":\"es\"},{\"@type\":\"Question\",\"@id\":\"https:\\\/\\\/www.caminosalkantay.com\\\/blog\\\/inti-raymi-la-fiesta-del-sol\\\/#faq-question-1776118670345\",\"position\":6,\"url\":\"https:\\\/\\\/www.caminosalkantay.com\\\/blog\\\/inti-raymi-la-fiesta-del-sol\\\/#faq-question-1776118670345\",\"name\":\"\u00bfEst\u00e1 permitido tomar fotograf\u00edas en el Inti Raymi?\",\"answerCount\":1,\"acceptedAnswer\":{\"@type\":\"Answer\",\"text\":\"S\u00ed, est\u00e1 permitido tomar fotograf\u00edas durante el Inti Raymi. Sin embargo, se recomienda hacerlo con respeto, evitando interrumpir la ceremonia o bloquear la vista de otros asistentes.\",\"inLanguage\":\"es\"},\"inLanguage\":\"es\"},{\"@type\":\"Question\",\"@id\":\"https:\\\/\\\/www.caminosalkantay.com\\\/blog\\\/inti-raymi-la-fiesta-del-sol\\\/#faq-question-1776118685591\",\"position\":7,\"url\":\"https:\\\/\\\/www.caminosalkantay.com\\\/blog\\\/inti-raymi-la-fiesta-del-sol\\\/#faq-question-1776118685591\",\"name\":\"\u00bfSe necesita alg\u00fan requisito especial para asistir?\",\"answerCount\":1,\"acceptedAnswer\":{\"@type\":\"Answer\",\"text\":\"No se requieren requisitos especiales para asistir al Inti Raymi. Solo es necesario adquirir entradas con anticipaci\u00f3n (si deseas tribuna) y respetar las normas para una experiencia segura y aut\u00e9ntica.\",\"inLanguage\":\"es\"},\"inLanguage\":\"es\"},{\"@type\":\"Question\",\"@id\":\"https:\\\/\\\/www.caminosalkantay.com\\\/blog\\\/inti-raymi-la-fiesta-del-sol\\\/#faq-question-1776118701073\",\"position\":8,\"url\":\"https:\\\/\\\/www.caminosalkantay.com\\\/blog\\\/inti-raymi-la-fiesta-del-sol\\\/#faq-question-1776118701073\",\"name\":\"\u00bfCu\u00e1les son los 4 raymis principales?\",\"answerCount\":1,\"acceptedAnswer\":{\"@type\":\"Answer\",\"text\":\"Las cuatro celebraciones principales o <em>raymis<\\\/em> del calendario andino son: el <strong>Pawkar Raymi<\\\/strong>, que se realiza entre febrero y marzo para festejar la primera cosecha de ma\u00edz del a\u00f1o; el <strong>Inti Raymi<\\\/strong>, que se lleva a cabo en junio, rindiendo homenaje al dios sol; el <strong>Kulla Raymi<\\\/strong>, que se celebra en septiembre, marcando el inicio de la primavera; y el <strong>Kapak Raymi<\\\/strong>, que tiene lugar en diciembre y se\u00f1ala el comienzo del verano andino.\",\"inLanguage\":\"es\"},\"inLanguage\":\"es\"}]}<\/script>\n<!-- \/ Yoast SEO Premium plugin. -->","yoast_head_json":{"title":"Inti Raymi 2026 en Cusco: Gu\u00eda Completa, Entradas y Consejos","description":"Descubre el Inti Raymi en Cusco: historia, significado, fechas, entradas y c\u00f3mo vivir la Fiesta del Sol en Per\u00fa. Gu\u00eda completa 2026.","robots":{"index":"index","follow":"follow","max-snippet":"max-snippet:-1","max-image-preview":"max-image-preview:large","max-video-preview":"max-video-preview:-1"},"canonical":"https:\/\/www.caminosalkantay.com\/blog\/inti-raymi-la-fiesta-del-sol\/","og_locale":"es_ES","og_type":"article","og_title":"Inti Raymi Per\u00fa 2026: el Festival del Sol en Cusco","og_description":"Descubre el Inti Raymi en Cusco: historia, significado, fechas, entradas y c\u00f3mo vivir la Fiesta del Sol en Per\u00fa. Gu\u00eda completa 2026.","og_url":"https:\/\/www.caminosalkantay.com\/blog\/inti-raymi-la-fiesta-del-sol\/","og_site_name":"Informaci\u00f3n de Viajes a Machu Picchu | Cusco | Per\u00fa","article_publisher":"https:\/\/www.facebook.com\/SalkantayTrekking\/","article_published_time":"2026-04-14T00:06:01+00:00","article_modified_time":"2026-04-16T20:38:45+00:00","og_image":[{"width":1024,"height":576,"url":"https:\/\/www.caminosalkantay.com\/blog\/wp-content\/uploads\/2025\/04\/Inti-Raymi-2025-La-fiesta-del-Sol-16x9-1-1024x576.png","type":"image\/png"}],"author":"Jhon Cristopher Mora","twitter_card":"summary_large_image","twitter_creator":"@salkantayperu","twitter_site":"@salkantayperu","twitter_misc":{"Escrito por":"Jhon Cristopher Mora","Tiempo de lectura":"24 minutos"},"schema":{"@context":"https:\/\/schema.org","@graph":[{"@type":"Article","@id":"https:\/\/www.caminosalkantay.com\/blog\/inti-raymi-la-fiesta-del-sol\/#article","isPartOf":{"@id":"https:\/\/www.caminosalkantay.com\/blog\/inti-raymi-la-fiesta-del-sol\/"},"author":{"name":"Jhon Cristopher Mora","@id":"https:\/\/www.caminosalkantay.com\/blog\/#\/schema\/person\/26458f7f0459197972889538b14da34f"},"headline":"Inti Raymi Per\u00fa 2026: el Festival del Sol en Cusco","datePublished":"2026-04-14T00:06:01+00:00","dateModified":"2026-04-16T20:38:45+00:00","mainEntityOfPage":{"@id":"https:\/\/www.caminosalkantay.com\/blog\/inti-raymi-la-fiesta-del-sol\/"},"wordCount":4580,"commentCount":0,"publisher":{"@id":"https:\/\/www.caminosalkantay.com\/blog\/#organization"},"image":{"@id":"https:\/\/www.caminosalkantay.com\/blog\/inti-raymi-la-fiesta-del-sol\/#primaryimage"},"thumbnailUrl":"https:\/\/www.caminosalkantay.com\/blog\/wp-content\/uploads\/2023\/05\/Inti-Raymi-fiesta-del-Sol.jpg","keywords":["\u00bfQu\u00e9 es el Inti Raymi?","Comparativa completa del Inti Raymi","Cronograma del Inti Raymi 2026","Gu\u00eda Completa Inti Raymi Per\u00fa 2026","Historia del Inti Raymi en el Imperio Inca","Personajes m\u00e1s importantes del Inti Raymi","Recorrido del Inti Raymi","Significado del Inti Raymi: el culto al sol"],"articleSection":["Cultura Andina","Viajes en Cusco"],"inLanguage":"es","potentialAction":[{"@type":"CommentAction","name":"Comment","target":["https:\/\/www.caminosalkantay.com\/blog\/inti-raymi-la-fiesta-del-sol\/#respond"]}],"accessibilityFeature":["tableOfContents"]},{"@type":["WebPage","FAQPage"],"@id":"https:\/\/www.caminosalkantay.com\/blog\/inti-raymi-la-fiesta-del-sol\/","url":"https:\/\/www.caminosalkantay.com\/blog\/inti-raymi-la-fiesta-del-sol\/","name":"Inti Raymi 2026 en Cusco: Gu\u00eda Completa, Entradas y Consejos","isPartOf":{"@id":"https:\/\/www.caminosalkantay.com\/blog\/#website"},"primaryImageOfPage":{"@id":"https:\/\/www.caminosalkantay.com\/blog\/inti-raymi-la-fiesta-del-sol\/#primaryimage"},"image":{"@id":"https:\/\/www.caminosalkantay.com\/blog\/inti-raymi-la-fiesta-del-sol\/#primaryimage"},"thumbnailUrl":"https:\/\/www.caminosalkantay.com\/blog\/wp-content\/uploads\/2023\/05\/Inti-Raymi-fiesta-del-Sol.jpg","datePublished":"2026-04-14T00:06:01+00:00","dateModified":"2026-04-16T20:38:45+00:00","description":"Descubre el Inti Raymi en Cusco: historia, significado, fechas, entradas y c\u00f3mo vivir la Fiesta del Sol en Per\u00fa. Gu\u00eda completa 2026.","breadcrumb":{"@id":"https:\/\/www.caminosalkantay.com\/blog\/inti-raymi-la-fiesta-del-sol\/#breadcrumb"},"mainEntity":[{"@id":"https:\/\/www.caminosalkantay.com\/blog\/inti-raymi-la-fiesta-del-sol\/#faq-question-1776118565067"},{"@id":"https:\/\/www.caminosalkantay.com\/blog\/inti-raymi-la-fiesta-del-sol\/#faq-question-1776118591281"},{"@id":"https:\/\/www.caminosalkantay.com\/blog\/inti-raymi-la-fiesta-del-sol\/#faq-question-1776118609281"},{"@id":"https:\/\/www.caminosalkantay.com\/blog\/inti-raymi-la-fiesta-del-sol\/#faq-question-1776118633009"},{"@id":"https:\/\/www.caminosalkantay.com\/blog\/inti-raymi-la-fiesta-del-sol\/#faq-question-1776118651418"},{"@id":"https:\/\/www.caminosalkantay.com\/blog\/inti-raymi-la-fiesta-del-sol\/#faq-question-1776118670345"},{"@id":"https:\/\/www.caminosalkantay.com\/blog\/inti-raymi-la-fiesta-del-sol\/#faq-question-1776118685591"},{"@id":"https:\/\/www.caminosalkantay.com\/blog\/inti-raymi-la-fiesta-del-sol\/#faq-question-1776118701073"}],"inLanguage":"es","potentialAction":[{"@type":"ReadAction","target":["https:\/\/www.caminosalkantay.com\/blog\/inti-raymi-la-fiesta-del-sol\/"]}]},{"@type":"ImageObject","inLanguage":"es","@id":"https:\/\/www.caminosalkantay.com\/blog\/inti-raymi-la-fiesta-del-sol\/#primaryimage","url":"https:\/\/www.caminosalkantay.com\/blog\/wp-content\/uploads\/2023\/05\/Inti-Raymi-fiesta-del-Sol.jpg","contentUrl":"https:\/\/www.caminosalkantay.com\/blog\/wp-content\/uploads\/2023\/05\/Inti-Raymi-fiesta-del-Sol.jpg","width":1920,"height":1340,"caption":"Inti Raymi: La fiesta del Sol"},{"@type":"BreadcrumbList","@id":"https:\/\/www.caminosalkantay.com\/blog\/inti-raymi-la-fiesta-del-sol\/#breadcrumb","itemListElement":[{"@type":"ListItem","position":1,"name":"Portada","item":"https:\/\/www.caminosalkantay.com\/blog\/"},{"@type":"ListItem","position":2,"name":"Inti Raymi Per\u00fa 2026: el Festival del Sol en Cusco"}]},{"@type":"WebSite","@id":"https:\/\/www.caminosalkantay.com\/blog\/#website","url":"https:\/\/www.caminosalkantay.com\/blog\/","name":"Informaci\u00f3n de Viajes a Machu Picchu | Cusco | Per\u00fa","description":"Informaci\u00f3n de Viajes a Machu Picchu | Cusco | Per\u00fa","publisher":{"@id":"https:\/\/www.caminosalkantay.com\/blog\/#organization"},"potentialAction":[{"@type":"SearchAction","target":{"@type":"EntryPoint","urlTemplate":"https:\/\/www.caminosalkantay.com\/blog\/?s={search_term_string}"},"query-input":{"@type":"PropertyValueSpecification","valueRequired":true,"valueName":"search_term_string"}}],"inLanguage":"es"},{"@type":"Organization","@id":"https:\/\/www.caminosalkantay.com\/blog\/#organization","name":"Camino Salkantay","url":"https:\/\/www.caminosalkantay.com\/blog\/","logo":{"@type":"ImageObject","inLanguage":"es","@id":"https:\/\/www.caminosalkantay.com\/blog\/#\/schema\/logo\/image\/","url":"https:\/\/www.caminosalkantay.com\/blog\/wp-content\/uploads\/2023\/05\/salkantaytrekking-logo-300x128-1.png","contentUrl":"https:\/\/www.caminosalkantay.com\/blog\/wp-content\/uploads\/2023\/05\/salkantaytrekking-logo-300x128-1.png","width":300,"height":128,"caption":"Camino Salkantay"},"image":{"@id":"https:\/\/www.caminosalkantay.com\/blog\/#\/schema\/logo\/image\/"},"sameAs":["https:\/\/www.facebook.com\/SalkantayTrekking\/","https:\/\/x.com\/salkantayperu","https:\/\/www.tumblr.com\/salkantay-trek","https:\/\/www.instagram.com\/salkantaytrekking\/","https:\/\/www.pinterest.com\/salkantaytrekking\/","https:\/\/www.linkedin.com\/company\/salkantay-trekking"]},{"@type":"Person","@id":"https:\/\/www.caminosalkantay.com\/blog\/#\/schema\/person\/26458f7f0459197972889538b14da34f","name":"Jhon Cristopher Mora","image":{"@type":"ImageObject","inLanguage":"es","@id":"https:\/\/secure.gravatar.com\/avatar\/5f4f8501fe9a8745effabb2d2a13a401841bd0659633e1b04db13c068451597d?s=96&d=mm&r=g","url":"https:\/\/secure.gravatar.com\/avatar\/5f4f8501fe9a8745effabb2d2a13a401841bd0659633e1b04db13c068451597d?s=96&d=mm&r=g","contentUrl":"https:\/\/secure.gravatar.com\/avatar\/5f4f8501fe9a8745effabb2d2a13a401841bd0659633e1b04db13c068451597d?s=96&d=mm&r=g","caption":"Jhon Cristopher Mora"},"sameAs":["https:\/\/www.caminosalkantay.com\/blog\/"]},{"@type":"Question","@id":"https:\/\/www.caminosalkantay.com\/blog\/inti-raymi-la-fiesta-del-sol\/#faq-question-1776118565067","position":1,"url":"https:\/\/www.caminosalkantay.com\/blog\/inti-raymi-la-fiesta-del-sol\/#faq-question-1776118565067","name":"\u00bfPor qu\u00e9 se celebra el Inti Raymi el 24 de junio?","answerCount":1,"acceptedAnswer":{"@type":"Answer","text":"El Inti Raymi se celebra el 24 de junio porque coincide con el solsticio de invierno en el hemisferio sur, el d\u00eda m\u00e1s corto del a\u00f1o. Para los incas, este momento simbolizaba el renacimiento del sol y el inicio de un nuevo ciclo agr\u00edcola.","inLanguage":"es"},"inLanguage":"es"},{"@type":"Question","@id":"https:\/\/www.caminosalkantay.com\/blog\/inti-raymi-la-fiesta-del-sol\/#faq-question-1776118591281","position":2,"url":"https:\/\/www.caminosalkantay.com\/blog\/inti-raymi-la-fiesta-del-sol\/#faq-question-1776118591281","name":"\u00bfPor qu\u00e9 se prohibi\u00f3 el Inti Raymi?","answerCount":1,"acceptedAnswer":{"@type":"Answer","text":"Durante el siglo XVI, los conquistadores espa\u00f1oles prohibieron el Inti Raymi como parte de la imposici\u00f3n del catolicismo. Sin embargo, la tradici\u00f3n sobrevivi\u00f3 en la memoria colectiva y fue restaurada en 1944 como una recreaci\u00f3n cultural en Cusco.","inLanguage":"es"},"inLanguage":"es"},{"@type":"Question","@id":"https:\/\/www.caminosalkantay.com\/blog\/inti-raymi-la-fiesta-del-sol\/#faq-question-1776118609281","position":3,"url":"https:\/\/www.caminosalkantay.com\/blog\/inti-raymi-la-fiesta-del-sol\/#faq-question-1776118609281","name":"\u00bfD\u00f3nde se celebra el Inti Raymi?","answerCount":1,"acceptedAnswer":{"@type":"Answer","text":"El Inti Raymi se celebra principalmente en Cusco, antigua capital del Imperio Inca. La ceremonia tiene lugar en tres escenarios principales: Qorikancha, la Plaza de Armas y Sacsayhuam\u00e1n.","inLanguage":"es"},"inLanguage":"es"},{"@type":"Question","@id":"https:\/\/www.caminosalkantay.com\/blog\/inti-raymi-la-fiesta-del-sol\/#faq-question-1776118633009","position":4,"url":"https:\/\/www.caminosalkantay.com\/blog\/inti-raymi-la-fiesta-del-sol\/#faq-question-1776118633009","name":"\u00bfQu\u00e9 se sacrificaba en el Inti Raymi?","answerCount":1,"acceptedAnswer":{"@type":"Answer","text":"En la \u00e9poca inca, se realizaba el sacrificio de una llama como ofrenda al dios sol para asegurar buenas cosechas y equilibrio natural. En la actualidad, este ritual es simb\u00f3lico y forma parte de la recreaci\u00f3n cultural.","inLanguage":"es"},"inLanguage":"es"},{"@type":"Question","@id":"https:\/\/www.caminosalkantay.com\/blog\/inti-raymi-la-fiesta-del-sol\/#faq-question-1776118651418","position":5,"url":"https:\/\/www.caminosalkantay.com\/blog\/inti-raymi-la-fiesta-del-sol\/#faq-question-1776118651418","name":"\u00bfQu\u00e9 significa \u201cInti Raymi\u201d?","answerCount":1,"acceptedAnswer":{"@type":"Answer","text":"\u201cInti Raymi\u201d es una expresi\u00f3n en quechua que significa \u201cFiesta del Sol\u201d. \u201cInti\u201d se traduce como sol y \u201cRaymi\u201d como celebraci\u00f3n o festividad, siendo una de las ceremonias m\u00e1s importantes del Imperio Inca.","inLanguage":"es"},"inLanguage":"es"},{"@type":"Question","@id":"https:\/\/www.caminosalkantay.com\/blog\/inti-raymi-la-fiesta-del-sol\/#faq-question-1776118670345","position":6,"url":"https:\/\/www.caminosalkantay.com\/blog\/inti-raymi-la-fiesta-del-sol\/#faq-question-1776118670345","name":"\u00bfEst\u00e1 permitido tomar fotograf\u00edas en el Inti Raymi?","answerCount":1,"acceptedAnswer":{"@type":"Answer","text":"S\u00ed, est\u00e1 permitido tomar fotograf\u00edas durante el Inti Raymi. Sin embargo, se recomienda hacerlo con respeto, evitando interrumpir la ceremonia o bloquear la vista de otros asistentes.","inLanguage":"es"},"inLanguage":"es"},{"@type":"Question","@id":"https:\/\/www.caminosalkantay.com\/blog\/inti-raymi-la-fiesta-del-sol\/#faq-question-1776118685591","position":7,"url":"https:\/\/www.caminosalkantay.com\/blog\/inti-raymi-la-fiesta-del-sol\/#faq-question-1776118685591","name":"\u00bfSe necesita alg\u00fan requisito especial para asistir?","answerCount":1,"acceptedAnswer":{"@type":"Answer","text":"No se requieren requisitos especiales para asistir al Inti Raymi. Solo es necesario adquirir entradas con anticipaci\u00f3n (si deseas tribuna) y respetar las normas para una experiencia segura y aut\u00e9ntica.","inLanguage":"es"},"inLanguage":"es"},{"@type":"Question","@id":"https:\/\/www.caminosalkantay.com\/blog\/inti-raymi-la-fiesta-del-sol\/#faq-question-1776118701073","position":8,"url":"https:\/\/www.caminosalkantay.com\/blog\/inti-raymi-la-fiesta-del-sol\/#faq-question-1776118701073","name":"\u00bfCu\u00e1les son los 4 raymis principales?","answerCount":1,"acceptedAnswer":{"@type":"Answer","text":"Las cuatro celebraciones principales o <em>raymis<\/em> del calendario andino son: el <strong>Pawkar Raymi<\/strong>, que se realiza entre febrero y marzo para festejar la primera cosecha de ma\u00edz del a\u00f1o; el <strong>Inti Raymi<\/strong>, que se lleva a cabo en junio, rindiendo homenaje al dios sol; el <strong>Kulla Raymi<\/strong>, que se celebra en septiembre, marcando el inicio de la primavera; y el <strong>Kapak Raymi<\/strong>, que tiene lugar en diciembre y se\u00f1ala el comienzo del verano andino.","inLanguage":"es"},"inLanguage":"es"}]}},"_links":{"self":[{"href":"https:\/\/www.caminosalkantay.com\/blog\/wp-json\/wp\/v2\/posts\/169","targetHints":{"allow":["GET"]}}],"collection":[{"href":"https:\/\/www.caminosalkantay.com\/blog\/wp-json\/wp\/v2\/posts"}],"about":[{"href":"https:\/\/www.caminosalkantay.com\/blog\/wp-json\/wp\/v2\/types\/post"}],"author":[{"embeddable":true,"href":"https:\/\/www.caminosalkantay.com\/blog\/wp-json\/wp\/v2\/users\/7"}],"replies":[{"embeddable":true,"href":"https:\/\/www.caminosalkantay.com\/blog\/wp-json\/wp\/v2\/comments?post=169"}],"version-history":[{"count":30,"href":"https:\/\/www.caminosalkantay.com\/blog\/wp-json\/wp\/v2\/posts\/169\/revisions"}],"predecessor-version":[{"id":8019,"href":"https:\/\/www.caminosalkantay.com\/blog\/wp-json\/wp\/v2\/posts\/169\/revisions\/8019"}],"wp:featuredmedia":[{"embeddable":true,"href":"https:\/\/www.caminosalkantay.com\/blog\/wp-json\/wp\/v2\/media\/2514"}],"wp:attachment":[{"href":"https:\/\/www.caminosalkantay.com\/blog\/wp-json\/wp\/v2\/media?parent=169"}],"wp:term":[{"taxonomy":"category","embeddable":true,"href":"https:\/\/www.caminosalkantay.com\/blog\/wp-json\/wp\/v2\/categories?post=169"},{"taxonomy":"post_tag","embeddable":true,"href":"https:\/\/www.caminosalkantay.com\/blog\/wp-json\/wp\/v2\/tags?post=169"}],"curies":[{"name":"wp","href":"https:\/\/api.w.org\/{rel}","templated":true}]}}