{"id":2695,"date":"2025-06-10T09:55:49","date_gmt":"2025-06-10T14:55:49","guid":{"rendered":"https:\/\/www.caminosalkantay.com\/blog\/?p=2695"},"modified":"2025-06-10T12:07:58","modified_gmt":"2025-06-10T17:07:58","slug":"corpus-christi-en-cusco-una-fiesta-de-tradicion-y-fe","status":"publish","type":"post","link":"https:\/\/www.caminosalkantay.com\/blog\/corpus-christi-en-cusco-una-fiesta-de-tradicion-y-fe\/","title":{"rendered":"Corpus Christi en Cusco: Una Fiesta de Tradici\u00f3n y Fe"},"content":{"rendered":"\n<p>Cada a\u00f1o, la ciudad de Cusco se llena de color y devoci\u00f3n para celebrar el Corpus Christi, una de las festividades religiosas m\u00e1s importantes del calendario local. Esta tradici\u00f3n, profundamente arraigada en la historia del Per\u00fa, es un claro ejemplo del sincretismo entre la herencia cat\u00f3lica tra\u00edda por los espa\u00f1oles y las creencias andinas.<\/p>\n\n\n\n<p>Durante esta celebraci\u00f3n, miles de fieles y visitantes de distintas partes del mundo llegan a Cusco para ser parte de las procesiones, misas y rituales que dan vida a esta ocasi\u00f3n tan especial.<\/p>\n\n\n\n<div class=\"wp-block-columns is-layout-flex wp-container-core-columns-is-layout-9d6595d7 wp-block-columns-is-layout-flex\">\n<div class=\"wp-block-column is-layout-flow wp-block-column-is-layout-flow\"><div class=\"wp-block-image\">\n<figure class=\"aligncenter size-full\"><img loading=\"lazy\" decoding=\"async\" width=\"1000\" height=\"651\" src=\"https:\/\/www.caminosalkantay.com\/blog\/wp-content\/uploads\/2023\/06\/Octava-Festividad-Corpus-Christi-cusqueno.jpg\" alt=\"Octava de la Festividad del Corpus Christi cusque\u00f1o\" class=\"wp-image-369\"\/><figcaption class=\"wp-element-caption\">Festividad del Corpus Christi cusque\u00f1o<\/figcaption><\/figure>\n<\/div><\/div>\n<\/div>\n\n\n\n<div class=\"wp-block-yoast-seo-table-of-contents yoast-table-of-contents anchor-links\"><ul><li><a href=\"#h-origenes\" data-level=\"2\">Or\u00edgenes.<\/a><\/li><li><a href=\"#h-corpus-christi-hoy\" data-level=\"2\">Corpus Christi Hoy<\/a><\/li><li><a href=\"#h-cuando-se-celebra-corpus-christi\" data-level=\"2\">\u00bfCu\u00e1ndo se celebra Corpus Christi?<\/a><\/li><li><a href=\"#h-cuales-son-los-santos-que-participan-en-esta-celebracion\" data-level=\"2\">\u00bfCu\u00e1les son los santos que participan en esta celebraci\u00f3n?<\/a><ul><li><a href=\"#h-san-antonio-abad\" data-level=\"3\">San Antonio Abad<\/a><\/li><li><a href=\"#h-san-jeronimo\" data-level=\"3\">San Jer\u00f3nimo<\/a><\/li><li><a href=\"#h-san-cristobal\" data-level=\"3\">San Crist\u00f3bal<\/a><\/li><li><a href=\"#h-san-sebastian\" data-level=\"3\">San Sebasti\u00e1n<\/a><\/li><li><a href=\"#h-santa-barbara\" data-level=\"3\">Santa B\u00e1rbara<\/a><\/li><li><a href=\"#h-santa-ana\" data-level=\"3\">Santa Ana<\/a><\/li><li><a href=\"#h-santiago-apostol\" data-level=\"3\">Santiago Ap\u00f3stol<\/a><\/li><li><a href=\"#h-san-blas\" data-level=\"3\">San Blas<\/a><\/li><li><a href=\"#h-san-pedro\" data-level=\"3\">San Pedro<\/a><\/li><li><a href=\"#h-san-jose\" data-level=\"3\">San Jos\u00e9<\/a><\/li><li><a href=\"#h-virgen-de-la-natividad\" data-level=\"3\">Virgen de la Natividad<\/a><\/li><li><a href=\"#h-virgen-de-los-remedios\" data-level=\"3\">Virgen de los Remedios<\/a><\/li><li><a href=\"#h-virgen-purificada\" data-level=\"3\">Virgen Purificada<\/a><\/li><li><a href=\"#h-la-virgen-de-belen\" data-level=\"3\">La Virgen de Bel\u00e9n<\/a><\/li><li><a href=\"#h-la-virgen-inmaculada\" data-level=\"3\">La Virgen Inmaculada<\/a><\/li><\/ul><\/li><li><a href=\"#h-costumbres-tradicionales\" data-level=\"2\">Costumbres tradicionales.<\/a><\/li><li><a href=\"#h-consejos-para-disfrutar-al-maximo-del-corpus-christi-en-cusco\" data-level=\"2\">Consejos para disfrutar al m\u00e1ximo del Corpus Christi en Cusco<\/a><\/li><li><a href=\"#h-celebraciones-y-tradiciones-que-hacen-unico-al-cusco\" data-level=\"2\">Celebraciones y tradiciones que hacen \u00fanico al Cusco<\/a><\/li><li><a href=\"#h-preguntas-frecuentes-sobre-el-corpus-christi-en-cusco\" data-level=\"2\">Preguntas frecuentes sobre el Corpus Christi en Cusco<\/a><\/li><li><a href=\"#h-te-puede-interesar\" data-level=\"2\">Te puede interesar:<\/a><\/li><\/ul><\/div>\n\n\n\n<h2 class=\"wp-block-heading\" id=\"h-origenes\">Or\u00edgenes.<\/h2>\n\n\n\n<p>El Corpus Christi lleg\u00f3 a Cusco con los espa\u00f1oles durante la colonia, en el siglo XVI, como parte del proceso de evangelizaci\u00f3n. Se dice que la primera celebraci\u00f3n se realiz\u00f3 en la d\u00e9cada de 1530, pocos a\u00f1os despu\u00e9s de la fundaci\u00f3n espa\u00f1ola de la ciudad. Esta festividad cat\u00f3lica reemplaz\u00f3 una antigua costumbre inca, en la que se realizaban procesiones con las mallquis, las \u201cmomias de importantes gobernantes y nobles\u201d, que eran veneradas en lo que hoy es la Plaza de Armas. Los espa\u00f1oles vieron en esta pr\u00e1ctica una oportunidad para introducir el catolicismo, y con el tiempo, las momias fueron reemplazadas por im\u00e1genes de santos y v\u00edrgenes. As\u00ed naci\u00f3 una nueva tradici\u00f3n que uni\u00f3 las creencias andinas con la fe cat\u00f3lica.<\/p>\n\n\n\n<h2 class=\"wp-block-heading\" id=\"h-corpus-christi-hoy\">Corpus Christi Hoy<\/h2>\n\n\n\n<p>Hoy en d\u00eda, esta festividad contin\u00faa siendo una tradici\u00f3n cat\u00f3lica transmitida de generaci\u00f3n en generaci\u00f3n con profunda devoci\u00f3n. Los fieles siguen acompa\u00f1ando con fervor a los santos y v\u00edrgenes durante las procesiones, mientras las plazas y calles del centro hist\u00f3rico se visten de gala, creando un ambiente que combina tradici\u00f3n y celebraci\u00f3n. Desde el 6 de agosto de 2004, el Corpus Christi en Cusco es Patrimonio Cultural de la Naci\u00f3n. Esta distinci\u00f3n reconoce a la festividad como una de las expresiones m\u00e1s significativas de la cultura peruana y una fuente viva de identidad nacional.&nbsp;<\/p>\n\n\n\n<h2 class=\"wp-block-heading\" id=\"h-cuando-se-celebra-corpus-christi\">\u00bfCu\u00e1ndo se celebra Corpus Christi?<\/h2>\n\n\n\n<p>La celebraci\u00f3n del Corpus Christi se realiza entre mayo y junio. Tiene lugar nueve semanas despu\u00e9s del Jueves Santo, seg\u00fan el calendario cat\u00f3lico. En 2025, esta emblem\u00e1tica festividad se llevar\u00e1 a cabo el<strong> jueves 19 de junio<\/strong>. Como cada a\u00f1o, se espera la llegada de miles de fieles y visitantes que participan con fervor en las procesiones de cada santo, misas y diversas tradiciones que mantienen viva esta expresi\u00f3n cultural y espiritual.<\/p>\n\n\n\n<p>Previo al d\u00eda central, las im\u00e1genes de los santos y v\u00edrgenes de las diferentes parroquias son llevadas en procesi\u00f3n hasta la iglesia de Santa Clara. Desde all\u00ed, inician su recorrido hacia la Catedral del Cusco, donde permanecer\u00e1n durante 8 d\u00edas. Seg\u00fan la tradici\u00f3n popular, se cree que durante esos d\u00edas las im\u00e1genes mantienen reuniones entre ellas, en las que conversan, se ponen al d\u00eda y comparten lo que ha ocurrido en sus respectivas iglesias o zonas.<\/p>\n\n\n\n<h2 class=\"wp-block-heading\" id=\"h-cuales-son-los-santos-que-participan-en-esta-celebracion\">\u00bfCu\u00e1les son los santos que participan en esta celebraci\u00f3n?<\/h2>\n\n\n\n<p>A lo largo de la celebraci\u00f3n del Corpus Christi en Cusco se veneran quince santos, santas y v\u00edrgenes, cada uno con su propia historia y significado. El andar de las im\u00e1genes, acompa\u00f1adas de danzas tradicionales, representa una fusi\u00f3n \u00fanica entre la religi\u00f3n cat\u00f3lica y las antiguas costumbres del mundo andino. Esta festividad refleja la rica diversidad cultural de la regi\u00f3n.<\/p>\n\n\n\n<p>Durante la procesi\u00f3n, estas im\u00e1genes recorren las calles del centro hist\u00f3rico, siendo el centro de atenci\u00f3n de la celebraci\u00f3n. Conoce a cada uno de los santos y v\u00edrgenes que participan en esta tradici\u00f3n cusque\u00f1a.<\/p>\n\n\n\n<h3 class=\"wp-block-heading\" id=\"h-san-antonio-abad\">San Antonio Abad<\/h3>\n\n\n\n<p>Patr\u00f3n de los animales y los agricultores, naci\u00f3 en Egipto en el siglo III. Se retir\u00f3 al desierto para llevar una vida de oraci\u00f3n y penitencia, y se le atribuyen numerosos milagros, incluida su capacidad para comunicarse con los animales.<\/p>\n\n\n\n<div class=\"wp-block-columns is-layout-flex wp-container-core-columns-is-layout-9d6595d7 wp-block-columns-is-layout-flex\">\n<div class=\"wp-block-column is-layout-flow wp-block-column-is-layout-flow\"><div class=\"wp-block-image\">\n<figure class=\"aligncenter size-large\"><img loading=\"lazy\" decoding=\"async\" width=\"1024\" height=\"683\" src=\"https:\/\/www.caminosalkantay.com\/blog\/wp-content\/uploads\/2024\/05\/San-Antonio-Abad-1024x683.jpg\" alt=\"San Antonio Abad en la festividad de Corpus Christi en Cusco\" class=\"wp-image-2720\"\/><figcaption class=\"wp-element-caption\">San Antonio Abad<\/figcaption><\/figure>\n<\/div><\/div>\n<\/div>\n\n\n\n<h3 class=\"wp-block-heading\" id=\"h-san-jeronimo\">San Jer\u00f3nimo<\/h3>\n\n\n\n<p>Sacerdote y ermita\u00f1o que vivi\u00f3 en el desierto de Palestina en el siglo IV. Es conocido por su traducci\u00f3n de la Biblia al lat\u00edn, conocida como la Vulgata, y es venerado como el patr\u00f3n de los estudiosos y traductores.<\/p>\n\n\n\n<div class=\"wp-block-columns is-layout-flex wp-container-core-columns-is-layout-9d6595d7 wp-block-columns-is-layout-flex\">\n<div class=\"wp-block-column is-layout-flow wp-block-column-is-layout-flow\"><div class=\"wp-block-image\">\n<figure class=\"aligncenter size-full\"><img loading=\"lazy\" decoding=\"async\" width=\"800\" height=\"1000\" src=\"https:\/\/www.caminosalkantay.com\/blog\/wp-content\/uploads\/2024\/05\/San-Jeronimo.jpg\" alt=\"San Jer\u00f3nimo en la festividad de Corpus Christi en Cusco\" class=\"wp-image-2718\"\/><figcaption class=\"wp-element-caption\">San Jer\u00f3nimo<\/figcaption><\/figure>\n<\/div><\/div>\n\n\n\n<div class=\"wp-block-column is-layout-flow wp-block-column-is-layout-flow\"><div class=\"wp-block-image\">\n<figure class=\"aligncenter size-full\"><img loading=\"lazy\" decoding=\"async\" width=\"800\" height=\"1000\" src=\"https:\/\/www.caminosalkantay.com\/blog\/wp-content\/uploads\/2024\/05\/San-Jeronimo-festividad.jpg\" alt=\"San Jer\u00f3nimo en la festividad de Corpus Christi en Cusco\" class=\"wp-image-2719\"\/><figcaption class=\"wp-element-caption\">San Jer\u00f3nimo: festividades en Cusco<\/figcaption><\/figure>\n<\/div><\/div>\n<\/div>\n\n\n\n<h3 class=\"wp-block-heading\" id=\"h-san-cristobal\">San Crist\u00f3bal<\/h3>\n\n\n\n<p>Es venerado como el patr\u00f3n de los viajeros y transportistas. Seg\u00fan la leyenda, ayud\u00f3 a Cristo a cruzar un r\u00edo llev\u00e1ndolo sobre sus hombros. Es invocado para proteger a los viajeros en sus desplazamientos.<\/p>\n\n\n\n<div class=\"wp-block-columns is-layout-flex wp-container-core-columns-is-layout-9d6595d7 wp-block-columns-is-layout-flex\">\n<div class=\"wp-block-column is-layout-flow wp-block-column-is-layout-flow\"><div class=\"wp-block-image\">\n<figure class=\"aligncenter size-full\"><img loading=\"lazy\" decoding=\"async\" width=\"800\" height=\"1000\" src=\"https:\/\/www.caminosalkantay.com\/blog\/wp-content\/uploads\/2023\/06\/San-Cristobal-entrada-Corpus-Christi-Cusqueno.jpg\" alt=\"San Cristobal en la entrada del Corpus Christi Cusque\u00f1o\" class=\"wp-image-349\"\/><figcaption class=\"wp-element-caption\">San Cristobal<\/figcaption><\/figure>\n<\/div><\/div>\n\n\n\n<div class=\"wp-block-column is-layout-flow wp-block-column-is-layout-flow\"><div class=\"wp-block-image\">\n<figure class=\"aligncenter size-full\"><img loading=\"lazy\" decoding=\"async\" width=\"800\" height=\"1000\" src=\"https:\/\/www.caminosalkantay.com\/blog\/wp-content\/uploads\/2024\/05\/San-Cristobal.jpg\" alt=\"San Crist\u00f3bal en la festividad de Corpus Christi en Cusco\" class=\"wp-image-2717\"\/><figcaption class=\"wp-element-caption\">San Crist\u00f3bal &#8211; festividades Cusco<\/figcaption><\/figure>\n<\/div><\/div>\n<\/div>\n\n\n\n<h3 class=\"wp-block-heading\" id=\"h-san-sebastian\">San Sebasti\u00e1n<\/h3>\n\n\n\n<p>Fue un soldado romano que se convirti\u00f3 al cristianismo y fue martirizado por su fe en el siglo III. Es venerado como el patr\u00f3n de los arqueros y los soldados.<\/p>\n\n\n\n<div class=\"wp-block-columns is-layout-flex wp-container-core-columns-is-layout-9d6595d7 wp-block-columns-is-layout-flex\">\n<div class=\"wp-block-column is-layout-flow wp-block-column-is-layout-flow\"><div class=\"wp-block-image\">\n<figure class=\"aligncenter size-full\"><img loading=\"lazy\" decoding=\"async\" width=\"800\" height=\"1000\" src=\"https:\/\/www.caminosalkantay.com\/blog\/wp-content\/uploads\/2023\/06\/San-Sebastian-entrada-Corpus-Christi-Cusqueno.jpg\" alt=\"San Sebastian en la entrada del Corpus Christi Cusque\u00f1o\" class=\"wp-image-350\"\/><figcaption class=\"wp-element-caption\">San Sebastian<\/figcaption><\/figure>\n<\/div><\/div>\n\n\n\n<div class=\"wp-block-column is-layout-flow wp-block-column-is-layout-flow\"><div class=\"wp-block-image\">\n<figure class=\"aligncenter size-full\"><img loading=\"lazy\" decoding=\"async\" width=\"800\" height=\"1000\" src=\"https:\/\/www.caminosalkantay.com\/blog\/wp-content\/uploads\/2024\/05\/San-Sebastian.jpg\" alt=\"San Sebastian en la festividad de Corpus Christi en Cusco\" class=\"wp-image-2716\"\/><figcaption class=\"wp-element-caption\">San Sebastian<\/figcaption><\/figure>\n<\/div><\/div>\n<\/div>\n\n\n\n<h3 class=\"wp-block-heading\" id=\"h-santa-barbara\">Santa B\u00e1rbara<\/h3>\n\n\n\n<p>Se dice que fue encarcelada y torturada por su fe, y finalmente martirizada por su negativa a renunciar al cristianismo. Fue una joven cristiana que vivi\u00f3 en el siglo III. Es venerada como la patrona de los artilleros y protectora contra los peligros.<\/p>\n\n\n\n<div class=\"wp-block-columns is-layout-flex wp-container-core-columns-is-layout-9d6595d7 wp-block-columns-is-layout-flex\">\n<div class=\"wp-block-column is-layout-flow wp-block-column-is-layout-flow\"><div class=\"wp-block-image\">\n<figure class=\"aligncenter size-large\"><img loading=\"lazy\" decoding=\"async\" width=\"1024\" height=\"683\" src=\"https:\/\/www.caminosalkantay.com\/blog\/wp-content\/uploads\/2024\/05\/Santa-Barbara-1024x683.jpg\" alt=\"Santa B\u00e1rbara en la festividad de Corpus Christi en Cusco\" class=\"wp-image-2715\"\/><figcaption class=\"wp-element-caption\">Santa B\u00e1rbara<\/figcaption><\/figure>\n<\/div><\/div>\n<\/div>\n\n\n\n<h3 class=\"wp-block-heading\" id=\"h-santa-ana\">Santa Ana<\/h3>\n\n\n\n<p>Fue la madre de la Virgen Mar\u00eda y la abuela de Jes\u00fas. Sin embargo, en la Biblia no se la menciona directamente, sino que su culto se desarroll\u00f3 a lo largo de los siglos a partir de escritos ap\u00f3crifos y tradiciones orales. Es venerada como patrona de varias causas, incluidas las mujeres embarazadas, los abuelos y los carpinteros.<\/p>\n\n\n\n<div class=\"wp-block-columns is-layout-flex wp-container-core-columns-is-layout-9d6595d7 wp-block-columns-is-layout-flex\">\n<div class=\"wp-block-column is-layout-flow wp-block-column-is-layout-flow\"><div class=\"wp-block-image\">\n<figure class=\"aligncenter size-large\"><img loading=\"lazy\" decoding=\"async\" width=\"1024\" height=\"683\" src=\"https:\/\/www.caminosalkantay.com\/blog\/wp-content\/uploads\/2024\/05\/Santa-Ana-1024x683.jpg\" alt=\"Santa Ana en la festividad de Corpus Christi en Cusco\" class=\"wp-image-2714\"\/><figcaption class=\"wp-element-caption\">Santa Ana<\/figcaption><\/figure>\n<\/div><\/div>\n<\/div>\n\n\n\n<h3 class=\"wp-block-heading\" id=\"h-santiago-apostol\">Santiago Ap\u00f3stol<\/h3>\n\n\n\n<p>Tambi\u00e9n conocido como Santiago el Mayor, fue uno de los doce ap\u00f3stoles de Jesucristo. Seg\u00fan la tradici\u00f3n cristiana, se convirti\u00f3 en un l\u00edder importante en la iglesia primitiva. Predic\u00f3 el cristianismo en Espa\u00f1a antes de regresar a Jerusal\u00e9n, donde fue martirizado.<\/p>\n\n\n\n<div class=\"wp-block-columns is-layout-flex wp-container-core-columns-is-layout-9d6595d7 wp-block-columns-is-layout-flex\">\n<div class=\"wp-block-column is-layout-flow wp-block-column-is-layout-flow\"><div class=\"wp-block-image\">\n<figure class=\"aligncenter size-full\"><img loading=\"lazy\" decoding=\"async\" width=\"800\" height=\"1000\" src=\"https:\/\/www.caminosalkantay.com\/blog\/wp-content\/uploads\/2024\/05\/Santiago-Apostol.jpg\" alt=\"Santiago Ap\u00f3stol en la festividad de Corpus Christi en Cusco\" class=\"wp-image-2712\"\/><figcaption class=\"wp-element-caption\">Santiago Ap\u00f3stol<\/figcaption><\/figure>\n<\/div><\/div>\n\n\n\n<div class=\"wp-block-column is-layout-flow wp-block-column-is-layout-flow\"><div class=\"wp-block-image\">\n<figure class=\"aligncenter size-full\"><img loading=\"lazy\" decoding=\"async\" width=\"800\" height=\"1000\" src=\"https:\/\/www.caminosalkantay.com\/blog\/wp-content\/uploads\/2024\/05\/Santiago-Apostol-festividad-Corpus-Christi-Cusco.jpg\" alt=\"Santiago Ap\u00f3stol en la festividad de Corpus Christi en Cusco\" class=\"wp-image-2713\"\/><figcaption class=\"wp-element-caption\">Santiago Ap\u00f3stol<\/figcaption><\/figure>\n<\/div><\/div>\n<\/div>\n\n\n\n<h3 class=\"wp-block-heading\" id=\"h-san-blas\">San Blas<\/h3>\n\n\n\n<p>Fue un m\u00e9dico y obispo en Armenia durante los primeros siglos del cristianismo. Se le atribuye el milagro de curar a un ni\u00f1o que se estaba ahogando con una espina de pescado en la garganta, lo que lo convirti\u00f3 en el patr\u00f3n de los enfermos de garganta.<\/p>\n\n\n\n<div class=\"wp-block-columns is-layout-flex wp-container-core-columns-is-layout-9d6595d7 wp-block-columns-is-layout-flex\">\n<div class=\"wp-block-column is-layout-flow wp-block-column-is-layout-flow\"><div class=\"wp-block-image\">\n<figure class=\"aligncenter size-large\"><img loading=\"lazy\" decoding=\"async\" width=\"1024\" height=\"683\" src=\"https:\/\/www.caminosalkantay.com\/blog\/wp-content\/uploads\/2024\/05\/San-Blas-1024x683.jpg\" alt=\"San Blas en la festividad de Corpus Christi en Cusco\" class=\"wp-image-2711\"\/><figcaption class=\"wp-element-caption\">San Blas<\/figcaption><\/figure>\n<\/div><\/div>\n<\/div>\n\n\n\n<h3 class=\"wp-block-heading\" id=\"h-san-pedro\">San Pedro<\/h3>\n\n\n\n<p>Fue uno de los doce ap\u00f3stoles de Jesucristo y es considerado el primer papa de la Iglesia Cat\u00f3lica. Es venerado como el patr\u00f3n de los pescadores y la Iglesia Cat\u00f3lica, y es conocido por su liderazgo en la difusi\u00f3n del cristianismo primitivo.<\/p>\n\n\n\n<div class=\"wp-block-columns is-layout-flex wp-container-core-columns-is-layout-9d6595d7 wp-block-columns-is-layout-flex\">\n<div class=\"wp-block-column is-layout-flow wp-block-column-is-layout-flow\"><div class=\"wp-block-image\">\n<figure class=\"aligncenter size-large\"><img loading=\"lazy\" decoding=\"async\" width=\"1024\" height=\"683\" src=\"https:\/\/www.caminosalkantay.com\/blog\/wp-content\/uploads\/2024\/05\/San-Pedro-1024x683.jpg\" alt=\"San Pedro en la festividad de Corpus Christi en Cusco\" class=\"wp-image-2710\"\/><figcaption class=\"wp-element-caption\">San Pedro<\/figcaption><\/figure>\n<\/div><\/div>\n<\/div>\n\n\n\n<h3 class=\"wp-block-heading\" id=\"h-san-jose\">San Jos\u00e9<\/h3>\n\n\n\n<p>La figura de San Jos\u00e9 es m\u00e1s prominente en el Evangelio de Mateo, donde se relata su papel como esposo de Mar\u00eda y padre adoptivo de Jes\u00fas. Se le describe como un hombre piadoso que obedeci\u00f3 las instrucciones divinas que recibi\u00f3 en sue\u00f1os.<\/p>\n\n\n\n<div class=\"wp-block-columns is-layout-flex wp-container-core-columns-is-layout-9d6595d7 wp-block-columns-is-layout-flex\">\n<div class=\"wp-block-column is-layout-flow wp-block-column-is-layout-flow\"><div class=\"wp-block-image\">\n<figure class=\"aligncenter size-large\"><img loading=\"lazy\" decoding=\"async\" width=\"1024\" height=\"683\" src=\"https:\/\/www.caminosalkantay.com\/blog\/wp-content\/uploads\/2024\/05\/San-Jose-1024x683.jpg\" alt=\"San Jos\u00e9 en la festividad de Corpus Christi en Cusco\" class=\"wp-image-2709\"\/><figcaption class=\"wp-element-caption\">San Jos\u00e9<\/figcaption><\/figure>\n<\/div><\/div>\n<\/div>\n\n\n\n<h3 class=\"wp-block-heading\" id=\"h-virgen-de-la-natividad\">Virgen de la Natividad<\/h3>\n\n\n\n<p>Su representaci\u00f3n art\u00edstica ha sido una fuente de inspiraci\u00f3n para artistas y fieles a lo largo de los siglos. Se la representa a menudo como una madre amorosa sosteniendo a su reci\u00e9n nacido, rodeada de pastores y \u00e1ngeles, quienes a su vez celebran la llegada de Jes\u00fas.&nbsp;<\/p>\n\n\n\n<div class=\"wp-block-columns is-layout-flex wp-container-core-columns-is-layout-9d6595d7 wp-block-columns-is-layout-flex\">\n<div class=\"wp-block-column is-layout-flow wp-block-column-is-layout-flow\"><div class=\"wp-block-image\">\n<figure class=\"aligncenter size-full\"><img loading=\"lazy\" decoding=\"async\" width=\"1024\" height=\"682\" src=\"https:\/\/www.caminosalkantay.com\/blog\/wp-content\/uploads\/2024\/05\/Virgen-de-la-Natividad.jpg\" alt=\"Virgen de la Natividad en la festividad de Corpus Christi en Cusco\" class=\"wp-image-2708\"\/><figcaption class=\"wp-element-caption\">Virgen de la Natividad<\/figcaption><\/figure>\n<\/div><\/div>\n<\/div>\n\n\n\n<h3 class=\"wp-block-heading\" id=\"h-virgen-de-los-remedios\">Virgen de los Remedios<\/h3>\n\n\n\n<p>Su historia est\u00e1 estrechamente relacionada con la evangelizaci\u00f3n de los pueblos ind\u00edgenas de Am\u00e9rica. Esta imagen es una advocaci\u00f3n mariana venerada en la Iglesia Cat\u00f3lica, asociada con la protecci\u00f3n y la intercesi\u00f3n en momentos de dificultad, siendo una fuente de consuelo y esperanza.<\/p>\n\n\n\n<div class=\"wp-block-columns is-layout-flex wp-container-core-columns-is-layout-9d6595d7 wp-block-columns-is-layout-flex\">\n<div class=\"wp-block-column is-layout-flow wp-block-column-is-layout-flow\"><div class=\"wp-block-image\">\n<figure class=\"aligncenter size-large\"><img loading=\"lazy\" decoding=\"async\" width=\"1024\" height=\"683\" src=\"https:\/\/www.caminosalkantay.com\/blog\/wp-content\/uploads\/2024\/05\/Virgen-de-los-Remedios-1024x683.jpg\" alt=\"Virgen de los Remedios en la festividad de Corpus Christi en Cusco\" class=\"wp-image-2707\"\/><figcaption class=\"wp-element-caption\">Virgen de los Remedios<\/figcaption><\/figure>\n<\/div><\/div>\n<\/div>\n\n\n\n<h3 class=\"wp-block-heading\" id=\"h-virgen-purificada\">Virgen Purificada<\/h3>\n\n\n\n<p>Es considerada un modelo de vida cristiana para quienes buscan imitar su dedicaci\u00f3n. Se cuenta que, Joaqu\u00edn y Ana padres de Mar\u00eda, est\u00e9riles durante mucho tiempo la concibieron de manera milagrosa. En muestra de gratitud, dedicaron a su hija al servicio de Dios y la llevaron al Templo cuando ten\u00eda solo tres a\u00f1os.&nbsp;<\/p>\n\n\n\n<div class=\"wp-block-columns is-layout-flex wp-container-core-columns-is-layout-9d6595d7 wp-block-columns-is-layout-flex\">\n<div class=\"wp-block-column is-layout-flow wp-block-column-is-layout-flow\"><div class=\"wp-block-image\">\n<figure class=\"aligncenter size-large\"><img loading=\"lazy\" decoding=\"async\" width=\"1024\" height=\"683\" src=\"https:\/\/www.caminosalkantay.com\/blog\/wp-content\/uploads\/2024\/05\/Virgen-Purificada-1024x683.jpg\" alt=\"Virgen Purificada en la festividad de Corpus Christi en Cusco\" class=\"wp-image-2706\"\/><figcaption class=\"wp-element-caption\">Virgen Purificada<\/figcaption><\/figure>\n<\/div><\/div>\n<\/div>\n\n\n\n<h3 class=\"wp-block-heading\" id=\"h-la-virgen-de-belen\">La Virgen de Bel\u00e9n<\/h3>\n\n\n\n<p>Tambi\u00e9n conocida como Mamacha Bel\u00e9n, es considerada una madre amorosa y compasiva que intercede por sus hijos ante Dios. Seg\u00fan la tradici\u00f3n, la devoci\u00f3n a esta Virgen se origin\u00f3 en Cajamarca al norte del Per\u00fa debido a que su imagen fue encontrada por un pastor local en \u00abCerro de Bel\u00e9n\u00bb el siglo XVI.<\/p>\n\n\n\n<div class=\"wp-block-columns is-layout-flex wp-container-core-columns-is-layout-9d6595d7 wp-block-columns-is-layout-flex\">\n<div class=\"wp-block-column is-layout-flow wp-block-column-is-layout-flow\"><div class=\"wp-block-image\">\n<figure class=\"aligncenter size-large\"><img loading=\"lazy\" decoding=\"async\" width=\"1024\" height=\"683\" src=\"https:\/\/www.caminosalkantay.com\/blog\/wp-content\/uploads\/2024\/05\/Virgen-de-Belen-1024x683.jpg\" alt=\"Virgen de Bel\u00e9n en la festividad de Corpus Christi en Cusco\" class=\"wp-image-2705\"\/><figcaption class=\"wp-element-caption\">Virgen de Bel\u00e9n<\/figcaption><\/figure>\n<\/div><\/div>\n<\/div>\n\n\n\n<h3 class=\"wp-block-heading\" id=\"h-la-virgen-inmaculada\">La Virgen Inmaculada<\/h3>\n\n\n\n<p>Conocida cari\u00f1osamente como \u00abLa Linda\u00bb por su belleza y pureza espiritual, esta imagen es venerada como un ejemplo de gracia y santidad para los fieles cat\u00f3licos. Se la representa a menudo como una figura celestial, rodeada de estrellas y con una luna bajo sus pies, simbolizando su victoria sobre el mal.<\/p>\n\n\n\n<div class=\"wp-block-columns is-layout-flex wp-container-core-columns-is-layout-9d6595d7 wp-block-columns-is-layout-flex\">\n<div class=\"wp-block-column is-layout-flow wp-block-column-is-layout-flow\"><div class=\"wp-block-image\">\n<figure class=\"aligncenter size-large\"><img loading=\"lazy\" decoding=\"async\" width=\"1024\" height=\"683\" src=\"https:\/\/www.caminosalkantay.com\/blog\/wp-content\/uploads\/2024\/05\/Virgen-Inmaculada-Concepcion-1024x683.jpg\" alt=\"Virgen Inmaculada Concepci\u00f3n en la festividad de Corpus Christi en Cusco\" class=\"wp-image-2704\"\/><figcaption class=\"wp-element-caption\">Virgen Inmaculada Concepci\u00f3n<\/figcaption><\/figure>\n<\/div><\/div>\n<\/div>\n\n\n\n<h2 class=\"wp-block-heading\" id=\"h-costumbres-tradicionales\">Costumbres tradicionales.<\/h2>\n\n\n\n<p><strong>Venta de platos t\u00edpicos<\/strong>.- Durante la festividad del Corpus Christi, las plazoletas y calles cercanas al centro hist\u00f3rico de Cusco se llenan de vida con la venta del tradicional y aclamado Chiriuchu, el plato emblem\u00e1tico que acompa\u00f1a esta importante celebraci\u00f3n. Junto a \u00e9l, tambi\u00e9n es com\u00fan encontrar una variada oferta de comercio ambulante, con productos como frutas de temporada, artesan\u00edas y ropa.<\/p>\n\n\n\n<p><strong>El Chiriuchu<\/strong>.- Este plato tradicional de la gastronom\u00eda cusque\u00f1a est\u00e1 estrechamente asociado a las celebraciones del Corpus Christi. El t\u00e9rmino Chiriuchu proviene del quechua, y aunque no hay un consenso \u00fanico, algunos lo traducen como \u201cpicante fr\u00edo\u201d, mientras que otros lo interpretan como \u201cmezcla fr\u00eda\u201d.<\/p>\n\n\n\n<div class=\"wp-block-columns is-layout-flex wp-container-core-columns-is-layout-9d6595d7 wp-block-columns-is-layout-flex\">\n<div class=\"wp-block-column is-layout-flow wp-block-column-is-layout-flow\"><div class=\"wp-block-image\">\n<figure class=\"aligncenter size-full\"><img loading=\"lazy\" decoding=\"async\" width=\"800\" height=\"1000\" src=\"https:\/\/www.caminosalkantay.com\/blog\/wp-content\/uploads\/2024\/04\/Turista-comiendo-plato-tipico-Cusco-Chiriucho.jpg\" alt=\"Turista comiendo el plato t\u00edpico de Cusco, el Chiriucho.\" class=\"wp-image-2424\"\/><figcaption class=\"wp-element-caption\">Turista comiendo el plato t\u00edpico de Cusco, el Chiriuchu.<\/figcaption><\/figure>\n<\/div><\/div>\n\n\n\n<div class=\"wp-block-column is-layout-flow wp-block-column-is-layout-flow\"><div class=\"wp-block-image\">\n<figure class=\"aligncenter size-full\"><img loading=\"lazy\" decoding=\"async\" width=\"800\" height=\"1000\" src=\"https:\/\/www.caminosalkantay.com\/blog\/wp-content\/uploads\/2023\/06\/Festival-Gastronomico-del-Chiriuchu.jpg\" alt=\"Festival Gastron\u00f3mico del Chiriuchu\" class=\"wp-image-348\"\/><figcaption class=\"wp-element-caption\">Festival Gastron\u00f3mico del Chiriuchu<\/figcaption><\/figure>\n<\/div><\/div>\n<\/div>\n\n\n\n<p><strong>Un plato tradicional de sabores variados.- <\/strong>El Chiriuchu destaca por su combinaci\u00f3n de ingredientes representativos de distintas regiones del Per\u00fa, reflejando la diversidad y riqueza cultural del pa\u00eds. Entre sus componentes principales se encuentran el cuy, la chalona (carne seca), la gallina, la tortilla de ma\u00edz, el chorizo, el cochayuyo (alga marina), el ma\u00edz tostado y la huevera de pescado, conocida tambi\u00e9n como cau-cau. Esta mezcla de sabores fr\u00edos y ligeramente picantes hace del Chiriuchu una experiencia culinaria \u00fanica que forma parte esencial de la tradici\u00f3n cusque\u00f1a.<\/p>\n\n\n\n<p><strong>Octava de Corpus.-<\/strong> Despu\u00e9s de dar la bendici\u00f3n a los fieles, las im\u00e1genes permanecen en la Catedral del Cusco durante ocho d\u00edas. Luego, se da paso a la tradicional \u201cOctava del Corpus Christi\u201d, momento en el que la festividad se renueva. Las calles del centro hist\u00f3rico vuelven a llenarse de color y fervor con el retorno de los santos a sus respectivas parroquias.<\/p>\n\n\n\n<div class=\"wp-block-columns is-layout-flex wp-container-core-columns-is-layout-9d6595d7 wp-block-columns-is-layout-flex\">\n<div class=\"wp-block-column is-layout-flow wp-block-column-is-layout-flow\"><div class=\"wp-block-image\">\n<figure class=\"aligncenter size-full\"><img loading=\"lazy\" decoding=\"async\" width=\"800\" height=\"1000\" src=\"https:\/\/www.caminosalkantay.com\/blog\/wp-content\/uploads\/2024\/01\/festividades-en-Cusco.jpg\" alt=\"Festividades en Cusco\" class=\"wp-image-1913\"\/><figcaption class=\"wp-element-caption\">Festividades en Cusco<\/figcaption><\/figure>\n<\/div><\/div>\n\n\n\n<div class=\"wp-block-column is-layout-flow wp-block-column-is-layout-flow\"><div class=\"wp-block-image\">\n<figure class=\"aligncenter size-full\"><img loading=\"lazy\" decoding=\"async\" width=\"800\" height=\"1000\" src=\"https:\/\/www.caminosalkantay.com\/blog\/wp-content\/uploads\/2023\/06\/Desfiles-danzas-tipicas-Cusco.jpg\" alt=\"Desfiles de danzas t\u00edpicas en Cusco\" class=\"wp-image-355\"\/><figcaption class=\"wp-element-caption\">Danzas t\u00edpicas en Cusco<\/figcaption><\/figure>\n<\/div><\/div>\n<\/div>\n\n\n\n<p><strong>Danzas tradicionales<\/strong>.- Durante esta celebraci\u00f3n, se presentan diversas danzas t\u00edpicas como Mestiza Qoyacha, Contradanza y Capaq Qoya, entre otras, que recorren las calles con m\u00fasica, color y movimiento. La poblaci\u00f3n se entretiene con las ocurrencias de los infaltables y alegres Chunchus, Qollas y Ukukus (tambi\u00e9n conocidos como Pabluchas o \u201chombres oso\u201d), cuyas vestimentas representan personajes tradicionales del imaginario andino.<\/p>\n\n\n\n<p><strong>Competencia de bandas y comparsas.<\/strong> \u2013 M\u00fasicos de diferentes barrios acompa\u00f1an con entusiasmo a sus danzas, generando una animada competencia entre las bandas presentes. Cada comparsa y orquesta celebra esta fiesta a su manera, llenando las calles de ritmo y tradici\u00f3n.<\/p>\n\n\n\n<div class=\"wp-block-columns is-layout-flex wp-container-core-columns-is-layout-9d6595d7 wp-block-columns-is-layout-flex\">\n<div class=\"wp-block-column is-layout-flow wp-block-column-is-layout-flow\"><div class=\"wp-block-image\">\n<figure class=\"aligncenter size-full\"><img loading=\"lazy\" decoding=\"async\" width=\"800\" height=\"1000\" src=\"https:\/\/www.caminosalkantay.com\/blog\/wp-content\/uploads\/2024\/05\/Cargador-santos-octava-Corpus-Christi-ciudad-Cusco.jpg\" alt=\"Cargador de uno de los santos en la octava del Corpus Christi en la ciudad de Cusco\" class=\"wp-image-2702\"\/><figcaption class=\"wp-element-caption\">Octava del Corpus Christi en la ciudad de Cusco<\/figcaption><\/figure>\n<\/div><\/div>\n\n\n\n<div class=\"wp-block-column is-layout-flow wp-block-column-is-layout-flow\"><div class=\"wp-block-image\">\n<figure class=\"aligncenter size-full\"><img loading=\"lazy\" decoding=\"async\" width=\"800\" height=\"1000\" src=\"https:\/\/www.caminosalkantay.com\/blog\/wp-content\/uploads\/2024\/05\/Calles-Cusco-octavo-dia-festividad-Corpus-Christi.jpg\" alt=\"Calles de Cusco en el octavo d\u00eda de la festividad del Corpus Christi\" class=\"wp-image-2703\"\/><figcaption class=\"wp-element-caption\">Calles de Cusco en el octavo d\u00eda de la festividad del Corpus Christi<\/figcaption><\/figure>\n<\/div><\/div>\n<\/div>\n\n\n\n<div class=\"wp-block-columns is-layout-flex wp-container-core-columns-is-layout-9d6595d7 wp-block-columns-is-layout-flex\">\n<div class=\"wp-block-column is-layout-flow wp-block-column-is-layout-flow\"><div class=\"wp-block-image\">\n<figure class=\"aligncenter size-large\"><img loading=\"lazy\" decoding=\"async\" width=\"1024\" height=\"683\" src=\"https:\/\/www.caminosalkantay.com\/blog\/wp-content\/uploads\/2024\/05\/Turistas-festividad-Corpus-Christi-1024x683.jpg\" alt=\"Turistas en la festividad del Corpus Christi\" class=\"wp-image-2701\"\/><figcaption class=\"wp-element-caption\">Turistas en la festividad del Corpus Christi<\/figcaption><\/figure>\n<\/div><\/div>\n<\/div>\n\n\n\n<h2 class=\"wp-block-heading\" id=\"h-consejos-para-disfrutar-al-maximo-del-corpus-christi-en-cusco\">Consejos para disfrutar al m\u00e1ximo del Corpus Christi en Cusco<\/h2>\n\n\n\n<p>Si visitas Cusco durante esta importante festividad, toma en cuenta estas recomendaciones para aprovechar la experiencia al m\u00e1ximo:<\/p>\n\n\n\n<ol class=\"wp-block-list\">\n<li><strong>Planifica tu viaje con anticipaci\u00f3n<br><\/strong>Reserva alojamiento y transporte con tiempo, ya que el Corpus Christi atrae a numerosos visitantes. As\u00ed evitar\u00e1s contratiempos y podr\u00e1s disfrutar de la celebraci\u00f3n sin preocupaciones.<\/li>\n\n\n\n<li><strong>Acompa\u00f1a la procesi\u00f3n<br><\/strong>Las procesiones son el coraz\u00f3n de esta festividad. Caminar por las calles del centro hist\u00f3rico junto a las im\u00e1genes religiosas y los fieles es una experiencia \u00fanica e inolvidable.<\/li>\n\n\n\n<li><strong>Prueba el Chiriuchu y otros platos locales<br><\/strong>No puedes irte sin probar el tradicional Chiriuchu, un plato fr\u00edo que combina varios ingredientes representativos de la regi\u00f3n. Tambi\u00e9n encontrar\u00e1s otras ferias con sabores t\u00edpicos para que explores.<\/li>\n\n\n\n<li><strong>Disfruta de la m\u00fasica y la danza<br><\/strong>Durante los d\u00edas festivos, las comparsas y grupos de danzas folcl\u00f3ricas desfilan por las calles al ritmo de bandas en vivo. Observa sus vestimentas, d\u00e9jate contagiar por la alegr\u00eda y \u00fanete si te animas.<\/li>\n\n\n\n<li><strong>Respeta el sentido religioso de la festividad<br><\/strong>Recuerda que esta es una celebraci\u00f3n profundamente espiritual para los cusque\u00f1os. Si decides participar, hazlo con respeto y consideraci\u00f3n.<\/li>\n\n\n\n<li><strong>Aprovecha para conocer otros lugares<\/strong><br>Extiende tu estad\u00eda para explorar atractivos cercanos como Sacsayhuam\u00e1n, el Valle Sagrado o incluso planear una visita a Machu Picchu.<\/li>\n<\/ol>\n\n\n\n<div class=\"wp-block-columns is-layout-flex wp-container-core-columns-is-layout-9d6595d7 wp-block-columns-is-layout-flex\">\n<div class=\"wp-block-column is-layout-flow wp-block-column-is-layout-flow\"><div class=\"wp-block-image\">\n<figure class=\"aligncenter size-large\"><img loading=\"lazy\" decoding=\"async\" width=\"1024\" height=\"683\" src=\"https:\/\/www.caminosalkantay.com\/blog\/wp-content\/uploads\/2024\/05\/alfombra-floral-festividad-Corpus-Christi-1024x683.jpg\" alt=\"Alfombra floral en la festividad del Corpus Christi\" class=\"wp-image-2700\"\/><figcaption class=\"wp-element-caption\">Alfombra floral en la festividad del Corpus Christi<\/figcaption><\/figure>\n<\/div><\/div>\n<\/div>\n\n\n\n<h2 class=\"wp-block-heading\" id=\"h-celebraciones-y-tradiciones-que-hacen-unico-al-cusco\">Celebraciones y tradiciones que hacen \u00fanico al Cusco<\/h2>\n\n\n\n<p>El Corpus Christi en Cusco es m\u00e1s que una expresi\u00f3n de fe; nos muestra la vitalidad cultural andina. Aunque naci\u00f3 con la llegada del catolicismo, hoy es una tradici\u00f3n profundamente enraizada en la identidad cusque\u00f1a.<\/p>\n\n\n\n<p>Y lo mejor es que no llega solo. Junio es uno de los meses m\u00e1s festivos en la ciudad imperial. Desde celebraciones religiosas hasta expresiones art\u00edsticas y culturales, las calles se llenan de color y energ\u00eda. Si visitas Cusco en esta \u00e9poca, no solo disfrutar\u00e1s del Corpus Christi, sino tambi\u00e9n de muchas otras festividades que reflejan la tradici\u00f3n religiosa y andina. Cada evento es una oportunidad para conocer m\u00e1s de cerca la historia, el arte, la gastronom\u00eda y la espiritualidad que hacen de esta regi\u00f3n un destino inolvidable.<\/p>\n\n\n\n<h2 class=\"wp-block-heading\" id=\"h-preguntas-frecuentes-sobre-el-corpus-christi-en-cusco\">Preguntas frecuentes sobre el Corpus Christi en Cusco<\/h2>\n\n\n\n<p><strong>1. \u00bfQu\u00e9 es el Corpus Christi y por qu\u00e9 se celebra en Cusco?<\/strong><\/p>\n\n\n\n<p>Es una festividad cat\u00f3lica que conmemora la presencia de Cristo en la Eucarist\u00eda. En Cusco, tiene un profundo valor cultural, ya que combina la fe cat\u00f3lica con tradiciones andinas, convirti\u00e9ndose en una de las celebraciones m\u00e1s representativas del calendario religioso y cultural de la ciudad.<\/p>\n\n\n\n<p><strong>2. \u00bfCu\u00e1l es la historia del Corpus Christi en Cusco?<\/strong><\/p>\n\n\n\n<p>La celebraci\u00f3n lleg\u00f3 con la colonizaci\u00f3n espa\u00f1ola. Con el paso del tiempo, se integraron costumbres andinas, dando origen a una festividad \u00fanica donde santos cat\u00f3licos conviven con elementos propios de la cosmovisi\u00f3n andina, como la m\u00fasica, la danza y la comida tradicional.<\/p>\n\n\n\n<p><strong>3. \u00bfCu\u00e1ndo se celebra el Corpus Christi en 2025?<\/strong><\/p>\n\n\n\n<p>El d\u00eda central ser\u00e1 el <strong>jueves 19 de junio de 2025<\/strong>, aunque las actividades comienzan varios d\u00edas antes y se extienden por m\u00e1s de una semana.<\/p>\n\n\n\n<p><strong>4. \u00bfC\u00f3mo se celebra el Corpus Christi en Cusco?<\/strong><\/p>\n\n\n\n<p>Las im\u00e1genes de 15 santos y v\u00edrgenes son llevadas en procesi\u00f3n desde sus parroquias hasta la iglesia de Santa Clara, y luego a la Catedral del Cusco. Durante ocho d\u00edas permanecen all\u00ed mientras se realizan misas, desfiles, danzas folcl\u00f3ricas y ferias gastron\u00f3micas. La festividad culmina con la <em>Octava<\/em>, cuando las im\u00e1genes regresan a sus parroquias.<\/p>\n\n\n\n<p><strong>5. \u00bfQui\u00e9nes son los santos y v\u00edrgenes del Corpus Christi en Cusco?<\/strong><\/p>\n\n\n\n<p>Participan 15 im\u00e1genes representativas de distintas parroquias, entre ellas: San Sebasti\u00e1n, Santa Ana, San Blas, San Jer\u00f3nimo, San Crist\u00f3bal, San Pedro, San Jos\u00e9, Santiago, Santa B\u00e1rbara, Santa Rosa, y diversas advocaciones marianas como la Virgen de la Natividad, de Bel\u00e9n, de los Remedios y de la Inmaculada Concepci\u00f3n (La Linda).<\/p>\n\n\n\n<p><strong>6. \u00bfQu\u00e9 actividades se realizan durante el Corpus Christi?<\/strong><\/p>\n\n\n\n<p>Se organizan procesiones solemnes, ferias de comida t\u00edpica, concursos de danzas tradicionales, misas, y desfiles de bandas musicales. La ciudad se llena de color, devoci\u00f3n y expresi\u00f3n cultural.<\/p>\n\n\n\n<p><strong>7. \u00bfQu\u00e9 se come durante el Corpus Christi en Cusco?<\/strong><\/p>\n\n\n\n<p>El plato t\u00edpico es el <em>chiriuchu<\/em>, una preparaci\u00f3n fr\u00eda compuesta por ingredientes como cuy, gallina, chorizo, chalona, tortilla de ma\u00edz, queso, cochayuyo, ma\u00edz tostado y rocoto. Este plato es s\u00edmbolo de la diversidad cultural y gastron\u00f3mica de la regi\u00f3n.<\/p>\n\n\n\n<h2 class=\"wp-block-heading\" id=\"h-te-puede-interesar\">Te puede interesar:<\/h2>\n\n\n\n<ul class=\"wp-block-list\">\n<li><a href=\"https:\/\/www.caminosalkantay.com\/blog\/festividades-en-cusco-2025\/\"><strong>Festividades en Cusco<\/strong><\/a><\/li>\n\n\n\n<li><a href=\"https:\/\/www.caminosalkantay.com\/blog\/plaza-de-armas-del-cusco-guia-completa\/\"><strong>Plaza de Armas del Cusco: Gu\u00eda Completa.<\/strong><\/a><\/li>\n\n\n\n<li><a href=\"https:\/\/www.caminosalkantay.com\/blog\/guia-esencial-de-cusco-consejos-y-recomendaciones-para-tu-viaje\/\"><strong>Gu\u00eda Esencial de Cusco: Consejos y Recomendaciones para tu Viaje<\/strong><\/a><\/li>\n<\/ul>\n\n\n\n<p><\/p>\n\n\n\n<ul class=\"wp-block-list lang\">\n<li class=\"en\"><a href=\"https:\/\/www.salkantaytrekking.com\/blog\/corpus-christi-in-cusco-a-festival-of-tradition-and-faith\/\">EN<\/a><\/li>\n\n\n\n<li class=\"pt\"><a href=\"https:\/\/www.salkantaytrilha.com\/blog\/corpus-christi-em-cusco-uma-festa-de-tradicao-e-fe\/\">PT<\/a><\/li>\n<\/ul>\n\n\n\n<p><\/p>\n","protected":false},"excerpt":{"rendered":"<p>Cada a\u00f1o, la ciudad de Cusco se llena de color y devoci\u00f3n para celebrar el Corpus Christi, una de las festividades religiosas m\u00e1s importantes del calendario local. Esta tradici\u00f3n, profundamente arraigada en la historia del Per\u00fa, es un claro ejemplo [&hellip;]<\/p>\n","protected":false},"author":1,"featured_media":2721,"comment_status":"open","ping_status":"open","sticky":false,"template":"","format":"standard","meta":{"footnotes":""},"categories":[629,527,554],"tags":[1293,83,1289,630,1291,632,1292,528,1296,1298,631,1295,1294,1297],"class_list":["post-2695","post","type-post","status-publish","format-standard","has-post-thumbnail","hentry","category-corpus-christi","category-festividades","category-festividades-en-cusco","tag-celebraciones-religiosas-cusco","tag-corpus-christi","tag-corpus-christi-cusco","tag-corpus-christi-en-cusco","tag-corpus-christi-peru","tag-costumbres-tradicionales","tag-festividad-corpus-christi","tag-festividades-en-cusco","tag-patrimonio-cultural-corpus-christi","tag-procesion-corpus-christi","tag-santos-venerados","tag-santos-y-virgenes-cusco","tag-sincretismo-andino-catolico","tag-tradicion-religiosa-cusco"],"yoast_head":"<!-- This site is optimized with the Yoast SEO Premium plugin v27.4 (Yoast SEO v27.4) - https:\/\/yoast.com\/product\/yoast-seo-premium-wordpress\/ -->\n<title>Corpus Christi en Cusco: Una Fiesta de Tradici\u00f3n y Fe | Informaci\u00f3n de Viajes a Machu Picchu | Cusco | Per\u00fa<\/title>\n<meta name=\"description\" content=\"Descubre c\u00f3mo se celebra el Corpus Christi en Cusco: historia, tradiciones, fechas, platos t\u00edpicos y todo lo que necesitas saber para disfrutar al m\u00e1ximo esta festividad \u00fanica.\" \/>\n<meta name=\"robots\" content=\"index, follow, max-snippet:-1, max-image-preview:large, max-video-preview:-1\" \/>\n<link rel=\"canonical\" href=\"https:\/\/www.caminosalkantay.com\/blog\/corpus-christi-en-cusco-una-fiesta-de-tradicion-y-fe\/\" \/>\n<meta property=\"og:locale\" content=\"es_ES\" \/>\n<meta property=\"og:type\" content=\"article\" \/>\n<meta property=\"og:title\" content=\"Corpus Christi en Cusco: Una Fiesta de Tradici\u00f3n y Fe\" \/>\n<meta property=\"og:description\" content=\"Descubre c\u00f3mo se celebra el Corpus Christi en Cusco: historia, tradiciones, fechas, platos t\u00edpicos y todo lo que necesitas saber para disfrutar al m\u00e1ximo esta festividad \u00fanica.\" \/>\n<meta property=\"og:url\" content=\"https:\/\/www.caminosalkantay.com\/blog\/corpus-christi-en-cusco-una-fiesta-de-tradicion-y-fe\/\" \/>\n<meta property=\"og:site_name\" content=\"Informaci\u00f3n de Viajes a Machu Picchu | Cusco | Per\u00fa\" \/>\n<meta property=\"article:publisher\" content=\"https:\/\/www.facebook.com\/SalkantayTrekking\/\" \/>\n<meta property=\"article:published_time\" content=\"2025-06-10T14:55:49+00:00\" \/>\n<meta property=\"article:modified_time\" content=\"2025-06-10T17:07:58+00:00\" \/>\n<meta property=\"og:image\" content=\"https:\/\/www.caminosalkantay.com\/blog\/wp-content\/uploads\/2025\/06\/Corpus-Christi-en-Cusco-Una-Fiesta-de-Tradicion-y-Fe-16x9-1.jpg\" \/>\n\t<meta property=\"og:image:width\" content=\"1920\" \/>\n\t<meta property=\"og:image:height\" content=\"1080\" \/>\n\t<meta property=\"og:image:type\" content=\"image\/jpeg\" \/>\n<meta name=\"author\" content=\"Camino Salkantay\" \/>\n<meta name=\"twitter:card\" content=\"summary_large_image\" \/>\n<meta name=\"twitter:creator\" content=\"@salkantayperu\" \/>\n<meta name=\"twitter:site\" content=\"@salkantayperu\" \/>\n<meta name=\"twitter:label1\" content=\"Escrito por\" \/>\n\t<meta name=\"twitter:data1\" content=\"Camino Salkantay\" \/>\n\t<meta name=\"twitter:label2\" content=\"Tiempo de lectura\" \/>\n\t<meta name=\"twitter:data2\" content=\"18 minutos\" \/>\n<script type=\"application\/ld+json\" class=\"yoast-schema-graph\">{\"@context\":\"https:\\\/\\\/schema.org\",\"@graph\":[{\"@type\":\"Article\",\"@id\":\"https:\\\/\\\/www.caminosalkantay.com\\\/blog\\\/corpus-christi-en-cusco-una-fiesta-de-tradicion-y-fe\\\/#article\",\"isPartOf\":{\"@id\":\"https:\\\/\\\/www.caminosalkantay.com\\\/blog\\\/corpus-christi-en-cusco-una-fiesta-de-tradicion-y-fe\\\/\"},\"author\":{\"name\":\"Camino Salkantay\",\"@id\":\"https:\\\/\\\/www.caminosalkantay.com\\\/blog\\\/#\\\/schema\\\/person\\\/53071c800d0ee3cb98d89c6dffbc171f\"},\"headline\":\"Corpus Christi en Cusco: Una Fiesta de Tradici\u00f3n y Fe\",\"datePublished\":\"2025-06-10T14:55:49+00:00\",\"dateModified\":\"2025-06-10T17:07:58+00:00\",\"mainEntityOfPage\":{\"@id\":\"https:\\\/\\\/www.caminosalkantay.com\\\/blog\\\/corpus-christi-en-cusco-una-fiesta-de-tradicion-y-fe\\\/\"},\"wordCount\":2848,\"commentCount\":0,\"publisher\":{\"@id\":\"https:\\\/\\\/www.caminosalkantay.com\\\/blog\\\/#organization\"},\"image\":{\"@id\":\"https:\\\/\\\/www.caminosalkantay.com\\\/blog\\\/corpus-christi-en-cusco-una-fiesta-de-tradicion-y-fe\\\/#primaryimage\"},\"thumbnailUrl\":\"https:\\\/\\\/www.caminosalkantay.com\\\/blog\\\/wp-content\\\/uploads\\\/2024\\\/05\\\/Corpus-Christi-en-Cusco.jpg\",\"keywords\":[\"Celebraciones religiosas cusco\",\"Corpus Christi\",\"Corpus christi cusco\",\"Corpus Christi en Cusco\",\"Corpus christi peru\",\"Costumbres tradicionales\",\"Festividad corpus christi\",\"Festividades en Cusco\",\"Patrimonio cultural corpus christi\",\"Procesi\u00f3n corpus christi\",\"Santos venerados\",\"Santos y v\u00edrgenes cusco\",\"Sincretismo andino cat\u00f3lico\",\"Tradici\u00f3n religiosa cusco\"],\"articleSection\":[\"Corpus Christi\",\"Festividades\",\"Festividades en Cusco\"],\"inLanguage\":\"es\",\"potentialAction\":[{\"@type\":\"CommentAction\",\"name\":\"Comment\",\"target\":[\"https:\\\/\\\/www.caminosalkantay.com\\\/blog\\\/corpus-christi-en-cusco-una-fiesta-de-tradicion-y-fe\\\/#respond\"]}],\"accessibilityFeature\":[\"tableOfContents\"]},{\"@type\":\"WebPage\",\"@id\":\"https:\\\/\\\/www.caminosalkantay.com\\\/blog\\\/corpus-christi-en-cusco-una-fiesta-de-tradicion-y-fe\\\/\",\"url\":\"https:\\\/\\\/www.caminosalkantay.com\\\/blog\\\/corpus-christi-en-cusco-una-fiesta-de-tradicion-y-fe\\\/\",\"name\":\"Corpus Christi en Cusco: Una Fiesta de Tradici\u00f3n y Fe | Informaci\u00f3n de Viajes a Machu Picchu | Cusco | Per\u00fa\",\"isPartOf\":{\"@id\":\"https:\\\/\\\/www.caminosalkantay.com\\\/blog\\\/#website\"},\"primaryImageOfPage\":{\"@id\":\"https:\\\/\\\/www.caminosalkantay.com\\\/blog\\\/corpus-christi-en-cusco-una-fiesta-de-tradicion-y-fe\\\/#primaryimage\"},\"image\":{\"@id\":\"https:\\\/\\\/www.caminosalkantay.com\\\/blog\\\/corpus-christi-en-cusco-una-fiesta-de-tradicion-y-fe\\\/#primaryimage\"},\"thumbnailUrl\":\"https:\\\/\\\/www.caminosalkantay.com\\\/blog\\\/wp-content\\\/uploads\\\/2024\\\/05\\\/Corpus-Christi-en-Cusco.jpg\",\"datePublished\":\"2025-06-10T14:55:49+00:00\",\"dateModified\":\"2025-06-10T17:07:58+00:00\",\"description\":\"Descubre c\u00f3mo se celebra el Corpus Christi en Cusco: historia, tradiciones, fechas, platos t\u00edpicos y todo lo que necesitas saber para disfrutar al m\u00e1ximo esta festividad \u00fanica.\",\"breadcrumb\":{\"@id\":\"https:\\\/\\\/www.caminosalkantay.com\\\/blog\\\/corpus-christi-en-cusco-una-fiesta-de-tradicion-y-fe\\\/#breadcrumb\"},\"inLanguage\":\"es\",\"potentialAction\":[{\"@type\":\"ReadAction\",\"target\":[\"https:\\\/\\\/www.caminosalkantay.com\\\/blog\\\/corpus-christi-en-cusco-una-fiesta-de-tradicion-y-fe\\\/\"]}]},{\"@type\":\"ImageObject\",\"inLanguage\":\"es\",\"@id\":\"https:\\\/\\\/www.caminosalkantay.com\\\/blog\\\/corpus-christi-en-cusco-una-fiesta-de-tradicion-y-fe\\\/#primaryimage\",\"url\":\"https:\\\/\\\/www.caminosalkantay.com\\\/blog\\\/wp-content\\\/uploads\\\/2024\\\/05\\\/Corpus-Christi-en-Cusco.jpg\",\"contentUrl\":\"https:\\\/\\\/www.caminosalkantay.com\\\/blog\\\/wp-content\\\/uploads\\\/2024\\\/05\\\/Corpus-Christi-en-Cusco.jpg\",\"width\":1873,\"height\":1249,\"caption\":\"Corpus Christi en Cusco\"},{\"@type\":\"BreadcrumbList\",\"@id\":\"https:\\\/\\\/www.caminosalkantay.com\\\/blog\\\/corpus-christi-en-cusco-una-fiesta-de-tradicion-y-fe\\\/#breadcrumb\",\"itemListElement\":[{\"@type\":\"ListItem\",\"position\":1,\"name\":\"Portada\",\"item\":\"https:\\\/\\\/www.caminosalkantay.com\\\/blog\\\/\"},{\"@type\":\"ListItem\",\"position\":2,\"name\":\"Corpus Christi en Cusco: Una Fiesta de Tradici\u00f3n y Fe\"}]},{\"@type\":\"WebSite\",\"@id\":\"https:\\\/\\\/www.caminosalkantay.com\\\/blog\\\/#website\",\"url\":\"https:\\\/\\\/www.caminosalkantay.com\\\/blog\\\/\",\"name\":\"Informaci\u00f3n de Viajes a Machu Picchu | Cusco | Per\u00fa\",\"description\":\"Informaci\u00f3n de Viajes a Machu Picchu | Cusco | Per\u00fa\",\"publisher\":{\"@id\":\"https:\\\/\\\/www.caminosalkantay.com\\\/blog\\\/#organization\"},\"potentialAction\":[{\"@type\":\"SearchAction\",\"target\":{\"@type\":\"EntryPoint\",\"urlTemplate\":\"https:\\\/\\\/www.caminosalkantay.com\\\/blog\\\/?s={search_term_string}\"},\"query-input\":{\"@type\":\"PropertyValueSpecification\",\"valueRequired\":true,\"valueName\":\"search_term_string\"}}],\"inLanguage\":\"es\"},{\"@type\":\"Organization\",\"@id\":\"https:\\\/\\\/www.caminosalkantay.com\\\/blog\\\/#organization\",\"name\":\"Camino Salkantay\",\"url\":\"https:\\\/\\\/www.caminosalkantay.com\\\/blog\\\/\",\"logo\":{\"@type\":\"ImageObject\",\"inLanguage\":\"es\",\"@id\":\"https:\\\/\\\/www.caminosalkantay.com\\\/blog\\\/#\\\/schema\\\/logo\\\/image\\\/\",\"url\":\"https:\\\/\\\/www.caminosalkantay.com\\\/blog\\\/wp-content\\\/uploads\\\/2023\\\/05\\\/salkantaytrekking-logo-300x128-1.png\",\"contentUrl\":\"https:\\\/\\\/www.caminosalkantay.com\\\/blog\\\/wp-content\\\/uploads\\\/2023\\\/05\\\/salkantaytrekking-logo-300x128-1.png\",\"width\":300,\"height\":128,\"caption\":\"Camino Salkantay\"},\"image\":{\"@id\":\"https:\\\/\\\/www.caminosalkantay.com\\\/blog\\\/#\\\/schema\\\/logo\\\/image\\\/\"},\"sameAs\":[\"https:\\\/\\\/www.facebook.com\\\/SalkantayTrekking\\\/\",\"https:\\\/\\\/x.com\\\/salkantayperu\",\"https:\\\/\\\/www.tumblr.com\\\/salkantay-trek\",\"https:\\\/\\\/www.instagram.com\\\/salkantaytrekking\\\/\",\"https:\\\/\\\/www.pinterest.com\\\/salkantaytrekking\\\/\",\"https:\\\/\\\/www.linkedin.com\\\/company\\\/salkantay-trekking\"]},{\"@type\":\"Person\",\"@id\":\"https:\\\/\\\/www.caminosalkantay.com\\\/blog\\\/#\\\/schema\\\/person\\\/53071c800d0ee3cb98d89c6dffbc171f\",\"name\":\"Camino Salkantay\",\"image\":{\"@type\":\"ImageObject\",\"inLanguage\":\"es\",\"@id\":\"https:\\\/\\\/secure.gravatar.com\\\/avatar\\\/b41678a33c57a2bf0032b7c254611fc97caffd94ade0663405b364d1c0177d1d?s=96&d=mm&r=g\",\"url\":\"https:\\\/\\\/secure.gravatar.com\\\/avatar\\\/b41678a33c57a2bf0032b7c254611fc97caffd94ade0663405b364d1c0177d1d?s=96&d=mm&r=g\",\"contentUrl\":\"https:\\\/\\\/secure.gravatar.com\\\/avatar\\\/b41678a33c57a2bf0032b7c254611fc97caffd94ade0663405b364d1c0177d1d?s=96&d=mm&r=g\",\"caption\":\"Camino Salkantay\"},\"sameAs\":[\"https:\\\/\\\/www.caminosalkantay.com\\\/blog\"]}]}<\/script>\n<!-- \/ Yoast SEO Premium plugin. -->","yoast_head_json":{"title":"Corpus Christi en Cusco: Una Fiesta de Tradici\u00f3n y Fe | Informaci\u00f3n de Viajes a Machu Picchu | Cusco | Per\u00fa","description":"Descubre c\u00f3mo se celebra el Corpus Christi en Cusco: historia, tradiciones, fechas, platos t\u00edpicos y todo lo que necesitas saber para disfrutar al m\u00e1ximo esta festividad \u00fanica.","robots":{"index":"index","follow":"follow","max-snippet":"max-snippet:-1","max-image-preview":"max-image-preview:large","max-video-preview":"max-video-preview:-1"},"canonical":"https:\/\/www.caminosalkantay.com\/blog\/corpus-christi-en-cusco-una-fiesta-de-tradicion-y-fe\/","og_locale":"es_ES","og_type":"article","og_title":"Corpus Christi en Cusco: Una Fiesta de Tradici\u00f3n y Fe","og_description":"Descubre c\u00f3mo se celebra el Corpus Christi en Cusco: historia, tradiciones, fechas, platos t\u00edpicos y todo lo que necesitas saber para disfrutar al m\u00e1ximo esta festividad \u00fanica.","og_url":"https:\/\/www.caminosalkantay.com\/blog\/corpus-christi-en-cusco-una-fiesta-de-tradicion-y-fe\/","og_site_name":"Informaci\u00f3n de Viajes a Machu Picchu | Cusco | Per\u00fa","article_publisher":"https:\/\/www.facebook.com\/SalkantayTrekking\/","article_published_time":"2025-06-10T14:55:49+00:00","article_modified_time":"2025-06-10T17:07:58+00:00","og_image":[{"width":1920,"height":1080,"url":"https:\/\/www.caminosalkantay.com\/blog\/wp-content\/uploads\/2025\/06\/Corpus-Christi-en-Cusco-Una-Fiesta-de-Tradicion-y-Fe-16x9-1.jpg","type":"image\/jpeg"}],"author":"Camino Salkantay","twitter_card":"summary_large_image","twitter_creator":"@salkantayperu","twitter_site":"@salkantayperu","twitter_misc":{"Escrito por":"Camino Salkantay","Tiempo de lectura":"18 minutos"},"schema":{"@context":"https:\/\/schema.org","@graph":[{"@type":"Article","@id":"https:\/\/www.caminosalkantay.com\/blog\/corpus-christi-en-cusco-una-fiesta-de-tradicion-y-fe\/#article","isPartOf":{"@id":"https:\/\/www.caminosalkantay.com\/blog\/corpus-christi-en-cusco-una-fiesta-de-tradicion-y-fe\/"},"author":{"name":"Camino Salkantay","@id":"https:\/\/www.caminosalkantay.com\/blog\/#\/schema\/person\/53071c800d0ee3cb98d89c6dffbc171f"},"headline":"Corpus Christi en Cusco: Una Fiesta de Tradici\u00f3n y Fe","datePublished":"2025-06-10T14:55:49+00:00","dateModified":"2025-06-10T17:07:58+00:00","mainEntityOfPage":{"@id":"https:\/\/www.caminosalkantay.com\/blog\/corpus-christi-en-cusco-una-fiesta-de-tradicion-y-fe\/"},"wordCount":2848,"commentCount":0,"publisher":{"@id":"https:\/\/www.caminosalkantay.com\/blog\/#organization"},"image":{"@id":"https:\/\/www.caminosalkantay.com\/blog\/corpus-christi-en-cusco-una-fiesta-de-tradicion-y-fe\/#primaryimage"},"thumbnailUrl":"https:\/\/www.caminosalkantay.com\/blog\/wp-content\/uploads\/2024\/05\/Corpus-Christi-en-Cusco.jpg","keywords":["Celebraciones religiosas cusco","Corpus Christi","Corpus christi cusco","Corpus Christi en Cusco","Corpus christi peru","Costumbres tradicionales","Festividad corpus christi","Festividades en Cusco","Patrimonio cultural corpus christi","Procesi\u00f3n corpus christi","Santos venerados","Santos y v\u00edrgenes cusco","Sincretismo andino cat\u00f3lico","Tradici\u00f3n religiosa cusco"],"articleSection":["Corpus Christi","Festividades","Festividades en Cusco"],"inLanguage":"es","potentialAction":[{"@type":"CommentAction","name":"Comment","target":["https:\/\/www.caminosalkantay.com\/blog\/corpus-christi-en-cusco-una-fiesta-de-tradicion-y-fe\/#respond"]}],"accessibilityFeature":["tableOfContents"]},{"@type":"WebPage","@id":"https:\/\/www.caminosalkantay.com\/blog\/corpus-christi-en-cusco-una-fiesta-de-tradicion-y-fe\/","url":"https:\/\/www.caminosalkantay.com\/blog\/corpus-christi-en-cusco-una-fiesta-de-tradicion-y-fe\/","name":"Corpus Christi en Cusco: Una Fiesta de Tradici\u00f3n y Fe | Informaci\u00f3n de Viajes a Machu Picchu | Cusco | Per\u00fa","isPartOf":{"@id":"https:\/\/www.caminosalkantay.com\/blog\/#website"},"primaryImageOfPage":{"@id":"https:\/\/www.caminosalkantay.com\/blog\/corpus-christi-en-cusco-una-fiesta-de-tradicion-y-fe\/#primaryimage"},"image":{"@id":"https:\/\/www.caminosalkantay.com\/blog\/corpus-christi-en-cusco-una-fiesta-de-tradicion-y-fe\/#primaryimage"},"thumbnailUrl":"https:\/\/www.caminosalkantay.com\/blog\/wp-content\/uploads\/2024\/05\/Corpus-Christi-en-Cusco.jpg","datePublished":"2025-06-10T14:55:49+00:00","dateModified":"2025-06-10T17:07:58+00:00","description":"Descubre c\u00f3mo se celebra el Corpus Christi en Cusco: historia, tradiciones, fechas, platos t\u00edpicos y todo lo que necesitas saber para disfrutar al m\u00e1ximo esta festividad \u00fanica.","breadcrumb":{"@id":"https:\/\/www.caminosalkantay.com\/blog\/corpus-christi-en-cusco-una-fiesta-de-tradicion-y-fe\/#breadcrumb"},"inLanguage":"es","potentialAction":[{"@type":"ReadAction","target":["https:\/\/www.caminosalkantay.com\/blog\/corpus-christi-en-cusco-una-fiesta-de-tradicion-y-fe\/"]}]},{"@type":"ImageObject","inLanguage":"es","@id":"https:\/\/www.caminosalkantay.com\/blog\/corpus-christi-en-cusco-una-fiesta-de-tradicion-y-fe\/#primaryimage","url":"https:\/\/www.caminosalkantay.com\/blog\/wp-content\/uploads\/2024\/05\/Corpus-Christi-en-Cusco.jpg","contentUrl":"https:\/\/www.caminosalkantay.com\/blog\/wp-content\/uploads\/2024\/05\/Corpus-Christi-en-Cusco.jpg","width":1873,"height":1249,"caption":"Corpus Christi en Cusco"},{"@type":"BreadcrumbList","@id":"https:\/\/www.caminosalkantay.com\/blog\/corpus-christi-en-cusco-una-fiesta-de-tradicion-y-fe\/#breadcrumb","itemListElement":[{"@type":"ListItem","position":1,"name":"Portada","item":"https:\/\/www.caminosalkantay.com\/blog\/"},{"@type":"ListItem","position":2,"name":"Corpus Christi en Cusco: Una Fiesta de Tradici\u00f3n y Fe"}]},{"@type":"WebSite","@id":"https:\/\/www.caminosalkantay.com\/blog\/#website","url":"https:\/\/www.caminosalkantay.com\/blog\/","name":"Informaci\u00f3n de Viajes a Machu Picchu | Cusco | Per\u00fa","description":"Informaci\u00f3n de Viajes a Machu Picchu | Cusco | Per\u00fa","publisher":{"@id":"https:\/\/www.caminosalkantay.com\/blog\/#organization"},"potentialAction":[{"@type":"SearchAction","target":{"@type":"EntryPoint","urlTemplate":"https:\/\/www.caminosalkantay.com\/blog\/?s={search_term_string}"},"query-input":{"@type":"PropertyValueSpecification","valueRequired":true,"valueName":"search_term_string"}}],"inLanguage":"es"},{"@type":"Organization","@id":"https:\/\/www.caminosalkantay.com\/blog\/#organization","name":"Camino Salkantay","url":"https:\/\/www.caminosalkantay.com\/blog\/","logo":{"@type":"ImageObject","inLanguage":"es","@id":"https:\/\/www.caminosalkantay.com\/blog\/#\/schema\/logo\/image\/","url":"https:\/\/www.caminosalkantay.com\/blog\/wp-content\/uploads\/2023\/05\/salkantaytrekking-logo-300x128-1.png","contentUrl":"https:\/\/www.caminosalkantay.com\/blog\/wp-content\/uploads\/2023\/05\/salkantaytrekking-logo-300x128-1.png","width":300,"height":128,"caption":"Camino Salkantay"},"image":{"@id":"https:\/\/www.caminosalkantay.com\/blog\/#\/schema\/logo\/image\/"},"sameAs":["https:\/\/www.facebook.com\/SalkantayTrekking\/","https:\/\/x.com\/salkantayperu","https:\/\/www.tumblr.com\/salkantay-trek","https:\/\/www.instagram.com\/salkantaytrekking\/","https:\/\/www.pinterest.com\/salkantaytrekking\/","https:\/\/www.linkedin.com\/company\/salkantay-trekking"]},{"@type":"Person","@id":"https:\/\/www.caminosalkantay.com\/blog\/#\/schema\/person\/53071c800d0ee3cb98d89c6dffbc171f","name":"Camino Salkantay","image":{"@type":"ImageObject","inLanguage":"es","@id":"https:\/\/secure.gravatar.com\/avatar\/b41678a33c57a2bf0032b7c254611fc97caffd94ade0663405b364d1c0177d1d?s=96&d=mm&r=g","url":"https:\/\/secure.gravatar.com\/avatar\/b41678a33c57a2bf0032b7c254611fc97caffd94ade0663405b364d1c0177d1d?s=96&d=mm&r=g","contentUrl":"https:\/\/secure.gravatar.com\/avatar\/b41678a33c57a2bf0032b7c254611fc97caffd94ade0663405b364d1c0177d1d?s=96&d=mm&r=g","caption":"Camino Salkantay"},"sameAs":["https:\/\/www.caminosalkantay.com\/blog"]}]}},"_links":{"self":[{"href":"https:\/\/www.caminosalkantay.com\/blog\/wp-json\/wp\/v2\/posts\/2695","targetHints":{"allow":["GET"]}}],"collection":[{"href":"https:\/\/www.caminosalkantay.com\/blog\/wp-json\/wp\/v2\/posts"}],"about":[{"href":"https:\/\/www.caminosalkantay.com\/blog\/wp-json\/wp\/v2\/types\/post"}],"author":[{"embeddable":true,"href":"https:\/\/www.caminosalkantay.com\/blog\/wp-json\/wp\/v2\/users\/1"}],"replies":[{"embeddable":true,"href":"https:\/\/www.caminosalkantay.com\/blog\/wp-json\/wp\/v2\/comments?post=2695"}],"version-history":[{"count":5,"href":"https:\/\/www.caminosalkantay.com\/blog\/wp-json\/wp\/v2\/posts\/2695\/revisions"}],"predecessor-version":[{"id":5550,"href":"https:\/\/www.caminosalkantay.com\/blog\/wp-json\/wp\/v2\/posts\/2695\/revisions\/5550"}],"wp:featuredmedia":[{"embeddable":true,"href":"https:\/\/www.caminosalkantay.com\/blog\/wp-json\/wp\/v2\/media\/2721"}],"wp:attachment":[{"href":"https:\/\/www.caminosalkantay.com\/blog\/wp-json\/wp\/v2\/media?parent=2695"}],"wp:term":[{"taxonomy":"category","embeddable":true,"href":"https:\/\/www.caminosalkantay.com\/blog\/wp-json\/wp\/v2\/categories?post=2695"},{"taxonomy":"post_tag","embeddable":true,"href":"https:\/\/www.caminosalkantay.com\/blog\/wp-json\/wp\/v2\/tags?post=2695"}],"curies":[{"name":"wp","href":"https:\/\/api.w.org\/{rel}","templated":true}]}}