{"id":2991,"date":"2024-08-12T11:22:40","date_gmt":"2024-08-12T16:22:40","guid":{"rendered":"https:\/\/www.caminosalkantay.com\/blog\/?p=2991"},"modified":"2024-12-09T18:47:37","modified_gmt":"2024-12-09T23:47:37","slug":"todo-lo-que-necesitas-saber-sobre-la-temporada-seca-en-cusco-peru","status":"publish","type":"post","link":"https:\/\/www.caminosalkantay.com\/blog\/todo-lo-que-necesitas-saber-sobre-la-temporada-seca-en-cusco-peru\/","title":{"rendered":"Todo lo que necesitas saber sobre la temporada seca en Cusco, Per\u00fa."},"content":{"rendered":"\n<p>Cusco, la antigua capital del Imperio Inca y ahora uno de los destinos tur\u00edsticos m\u00e1s populares de Per\u00fa, experimenta una marcada divisi\u00f3n entre la temporada seca y la temporada de lluvias. Conocer los detalles de la temporada seca es crucial para planificar tu viaje de manera efectiva y aprovechar al m\u00e1ximo esta fascinante ciudad andina. Aqu\u00ed te proporcionamos una gu\u00eda completa sobre lo que debes saber acerca de la temporada seca en Cusco.<\/p>\n\n\n\n<div class=\"wp-block-yoast-seo-table-of-contents yoast-table-of-contents anchor-links\"><ul><li><a href=\"#h-que-es-la-temporada-seca-en-cusco\" data-level=\"2\">\u00bfQu\u00e9 es la Temporada Seca en Cusco?<\/a><\/li><li><a href=\"#h-como-es-el-clima-y-las-temperaturas-durante-la-temporada-seca-en-cusco\" data-level=\"2\">\u00bfC\u00f3mo es el clima y las temperaturas durante la temporada seca en Cusco?<\/a><\/li><li><a href=\"#h-beneficios-de-viajar-durante-la-temporada-seca-en-cusco\" data-level=\"2\">Beneficios de Viajar durante la temporada seca en Cusco<\/a><\/li><li><a href=\"#h-actividades-recomendadas-durante-la-temporada-seca-en-cusco\" data-level=\"2\">Actividades recomendadas durante la temporada seca en Cusco<\/a><\/li><li><a href=\"#h-consejos-practicos-para-viajeros-en-temporada-seca\" data-level=\"2\">Consejos pr\u00e1cticos para viajeros en temporada seca<\/a><\/li><li><a href=\"#h-festividades-en-temporada-seca-en-cusco-peru\" data-level=\"2\">Festividades en Temporada Seca en Cusco, Per\u00fa<\/a><\/li><li><a href=\"#h-principales-festividades-durante-la-temporada-seca\" data-level=\"2\">Principales Festividades durante la Temporada Seca<\/a><ul><li><a href=\"#h-qoyllur-rit-i-mayo-junio\" data-level=\"3\">Qoyllur Rit&#8217;i &#8211; Mayo\/Junio<\/a><\/li><li><a href=\"#h-inti-raymi-24-de-junio\" data-level=\"3\">Inti Raymi &#8211; 24 de Junio<\/a><\/li><li><a href=\"#h-virgen-del-carmen-del-15-al-19-de-julio\" data-level=\"3\">Virgen del Carmen \u2013 del 15 al 19 de Julio<\/a><\/li><li><a href=\"#h-fiestas-patrias-28-y-29-de-julio\" data-level=\"3\">Fiestas Patrias \u2013 28 y 29 de Julio<\/a><\/li><\/ul><\/li><li><a href=\"#h-conclusion\" data-level=\"2\">Conclusi\u00f3n<\/a><\/li><li><a href=\"#h-te-puede-interesar\" data-level=\"2\">Te puede interesar:<\/a><\/li><\/ul><\/div>\n\n\n\n<h2 class=\"wp-block-heading\" id=\"h-que-es-la-temporada-seca-en-cusco\">\u00bfQu\u00e9 es la Temporada Seca en Cusco?<\/h2>\n\n\n\n<p>La temporada seca en Cusco abarca los meses de mayo a octubre aproximadamente. Es un per\u00edodo caracterizado por d\u00edas soleados, cielos despejados y temperaturas diurnas agradables. Esta \u00e9poca del a\u00f1o es la preferida por muchos viajeros debido a las condiciones clim\u00e1ticas estables y predecibles.<\/p>\n\n\n\n<div class=\"wp-block-columns is-layout-flex wp-container-core-columns-is-layout-9d6595d7 wp-block-columns-is-layout-flex\">\n<div class=\"wp-block-column is-layout-flow wp-block-column-is-layout-flow\"><div class=\"wp-block-image\">\n<figure class=\"aligncenter size-full\"><img loading=\"lazy\" decoding=\"async\" width=\"800\" height=\"1000\" src=\"https:\/\/www.caminosalkantay.com\/blog\/wp-content\/uploads\/2024\/05\/Turismo-solitario-Sacsayhuaman.jpg\" alt=\"Un turista solo en Sacsayhuaman mirando a la ciudad de Cusco\" class=\"wp-image-2523\"\/><figcaption class=\"wp-element-caption\">Sacsayhuaman<\/figcaption><\/figure>\n<\/div><\/div>\n\n\n\n<div class=\"wp-block-column is-layout-flow wp-block-column-is-layout-flow\"><div class=\"wp-block-image\">\n<figure class=\"aligncenter size-full\"><img loading=\"lazy\" decoding=\"async\" width=\"800\" height=\"1000\" src=\"https:\/\/www.caminosalkantay.com\/blog\/wp-content\/uploads\/2023\/08\/Aclimatacion-en-Cusco.jpg\" alt=\"Una pareja de turistas sentados en la plaza principal de Cusco para aclimatarse a la gran altitud de la ciudad.\" class=\"wp-image-656\"\/><figcaption class=\"wp-element-caption\">Cusco<\/figcaption><\/figure>\n<\/div><\/div>\n<\/div>\n\n\n\n<h2 class=\"wp-block-heading\" id=\"h-como-es-el-clima-y-las-temperaturas-durante-la-temporada-seca-en-cusco\">\u00bfC\u00f3mo es el clima y las temperaturas durante la temporada seca en Cusco?<\/h2>\n\n\n\n<p>Durante la temporada seca, Cusco experimenta d\u00edas c\u00e1lidos y noches fr\u00edas. Las temperaturas diurnas suelen oscilar entre los 18\u00b0C y 22\u00b0C \/ 64\u00b0F &#8211; 72\u00b0F en promedio, mientras que por la noche pueden descender hasta los 5\u00b0C &#8211; 10\u00b0C \/ 41\u00b0F &#8211; 50\u00b0F. Es importante llevar ropa adecuada para el fr\u00edo nocturno, como chaquetas abrigadas y capas adicionales.<\/p>\n\n\n\n<h2 class=\"wp-block-heading\" id=\"h-beneficios-de-viajar-durante-la-temporada-seca-en-cusco\">Beneficios de Viajar durante la temporada seca en Cusco<\/h2>\n\n\n\n<ol class=\"wp-block-list\">\n<li><strong>Menos Lluvias.<\/strong> La temporada seca se caracteriza por una reducci\u00f3n significativa en las precipitaciones. Esto significa menos probabilidades de interrupciones en tus planes de viaje debido al clima.<\/li>\n\n\n\n<li><strong>D\u00edas Soleados.<\/strong> Disfrutar\u00e1s de cielos despejados y vistas panor\u00e1micas impresionantes de las monta\u00f1as y paisajes circundantes, ideales para actividades al aire libre y fotograf\u00eda.<\/li>\n\n\n\n<li><strong>Condiciones Ideales para Trekking.<\/strong> Si planeas realizar caminatas como el Camino Inca hacia Machu Picchu, la temporada seca ofrece senderos m\u00e1s secos y estables, facilitando la experiencia de trekking.<\/li>\n\n\n\n<li><strong>Festividades y Eventos.<\/strong> Durante los meses de la temporada seca, Cusco celebra diversas festividades y eventos culturales, como el Inti Raymi en junio, que ofrecen una oportunidad \u00fanica para presenciar tradiciones ancestrales.<\/li>\n<\/ol>\n\n\n\n<div class=\"wp-block-columns is-layout-flex wp-container-core-columns-is-layout-9d6595d7 wp-block-columns-is-layout-flex\">\n<div class=\"wp-block-column is-layout-flow wp-block-column-is-layout-flow\"><div class=\"wp-block-image\">\n<figure class=\"aligncenter size-full\"><img loading=\"lazy\" decoding=\"async\" width=\"800\" height=\"1000\" src=\"https:\/\/www.caminosalkantay.com\/blog\/wp-content\/uploads\/2024\/01\/pareja-en-Machu-Picchu.jpg\" alt=\"Pareja observando Machu Picchu\" class=\"wp-image-1921\"\/><figcaption class=\"wp-element-caption\">Machu Picchu<\/figcaption><\/figure>\n<\/div><\/div>\n\n\n\n<div class=\"wp-block-column is-layout-flow wp-block-column-is-layout-flow\"><div class=\"wp-block-image\">\n<figure class=\"aligncenter size-full\"><img loading=\"lazy\" decoding=\"async\" width=\"800\" height=\"1000\" src=\"https:\/\/www.caminosalkantay.com\/blog\/wp-content\/uploads\/2024\/08\/Festividades-Eventos-Cusco.jpg\" alt=\"Festividades y Eventos en Cusco\" class=\"wp-image-2997\"\/><figcaption class=\"wp-element-caption\">Festividades y Eventos en Cusco<\/figcaption><\/figure>\n<\/div><\/div>\n<\/div>\n\n\n\n<h2 class=\"wp-block-heading\" id=\"h-actividades-recomendadas-durante-la-temporada-seca-en-cusco\">Actividades recomendadas durante la temporada seca en Cusco<\/h2>\n\n\n\n<ul class=\"wp-block-list\">\n<li><strong>Visita a Machu Picchu.<\/strong> La temporada seca es ideal para visitar Machu Picchu debido a las mejores condiciones clim\u00e1ticas y visibilidad.<\/li>\n\n\n\n<li><strong>Exploraci\u00f3n de la Ciudad.<\/strong> Recorre las calles hist\u00f3ricas de Cusco, visita sus impresionantes iglesias y museos, y sum\u00e9rgete en la rica cultura e historia de la ciudad.<\/li>\n\n\n\n<li><strong>Excursiones a Valle Sagrado.<\/strong> Descubre las antiguas ruinas incas y pueblos pintorescos del Valle Sagrado en condiciones clim\u00e1ticas \u00f3ptimas.<\/li>\n<\/ul>\n\n\n\n<h2 class=\"wp-block-heading\" id=\"h-consejos-practicos-para-viajeros-en-temporada-seca\">Consejos pr\u00e1cticos para viajeros en temporada seca<\/h2>\n\n\n\n<ol class=\"wp-block-list\">\n<li><strong>Prot\u00e9gete del Sol.<\/strong> A pesar de las temperaturas moderadas, el sol puede ser fuerte en altitudes elevadas como Cusco. Usa protector solar, sombrero y gafas de sol.<\/li>\n\n\n\n<li><strong>Acost\u00fambrate a la Altitud.<\/strong> Cusco est\u00e1 ubicado a aproximadamente 3,400 metros sobre el nivel del mar. T\u00f3mate tu tiempo para aclimatarte a la altitud y evita el exceso de esfuerzo f\u00edsico los primeros d\u00edas.<\/li>\n\n\n\n<li><strong>Reserva con Anticipaci\u00f3n.<\/strong> Debido a la popularidad de la temporada seca, especialmente durante los meses de julio y agosto, es recomendable reservar alojamiento, tours y entradas con anticipaci\u00f3n.<\/li>\n\n\n\n<li><strong>Experimenta la Gastronom\u00eda Local.<\/strong> Prueba la deliciosa comida peruana durante tu estad\u00eda en Cusco. No te pierdas platillos como el Chiri Uchu, el solterito y la sopa de quinua.<\/li>\n\n\n\n<li><strong>Compra Responsablemente:<\/strong> Apoya a los artesanos locales comprando productos tradicionales como tejidos, cer\u00e1micas y joyer\u00eda de plata en los mercados y tiendas de la ciudad.<\/li>\n<\/ol>\n\n\n\n<div class=\"wp-block-columns is-layout-flex wp-container-core-columns-is-layout-9d6595d7 wp-block-columns-is-layout-flex\">\n<div class=\"wp-block-column is-layout-flow wp-block-column-is-layout-flow\"><div class=\"wp-block-image\">\n<figure class=\"aligncenter size-large\"><img loading=\"lazy\" decoding=\"async\" width=\"1024\" height=\"683\" src=\"https:\/\/www.caminosalkantay.com\/blog\/wp-content\/uploads\/2024\/08\/Compra-Responsablemente-Cusco-1024x683.jpg\" alt=\"Compra Responsablemente en Cusco\" class=\"wp-image-2998\"\/><figcaption class=\"wp-element-caption\">Compra Responsablemente en Cusco<\/figcaption><\/figure>\n<\/div><\/div>\n<\/div>\n\n\n\n<h2 class=\"wp-block-heading\" id=\"h-festividades-en-temporada-seca-en-cusco-peru\">Festividades en Temporada Seca en Cusco, Per\u00fa<\/h2>\n\n\n\n<p>Cusco, la hist\u00f3rica capital del Imperio Inca y un tesoro cultural enclavado en los Andes peruanos, no solo es famosa por su impresionante arquitectura y paisajes espectaculares, sino tambi\u00e9n por sus vibrantes festividades que celebran la rica herencia cultural de la regi\u00f3n. Durante la temporada seca, que va aproximadamente de mayo a octubre, Cusco se llena de celebraciones coloridas y tradiciones ancestrales que atraen a visitantes de todo el mundo.&nbsp;<\/p>\n\n\n\n<h2 class=\"wp-block-heading\" id=\"h-principales-festividades-durante-la-temporada-seca\">Principales Festividades durante la Temporada Seca<\/h2>\n\n\n\n<h3 class=\"wp-block-heading\" id=\"h-qoyllur-rit-i-mayo-junio\">Qoyllur Rit&#8217;i &#8211; Mayo\/Junio<\/h3>\n\n\n\n<p>Qoyllur Rit&#8217;i, que significa \u00abnieve reluciente\u00bb en quechua, es una de las festividades m\u00e1s importantes de Cusco y se celebra en el nevado de Sinakara. Combina elementos de la religi\u00f3n cat\u00f3lica con creencias andinas precolombinas y atrae a miles de peregrinos de toda la regi\u00f3n.<\/p>\n\n\n\n<p><strong>Actividades:<\/strong> Durante la festividad, los peregrinos realizan caminatas desde diferentes comunidades hasta el nevado, donde se llevan a cabo rituales de veneraci\u00f3n al Se\u00f1or de Qoyllur Rit&#8217;i. Adem\u00e1s, se dan lugar danzas tradicionales y m\u00fasica t\u00edpica.<\/p>\n\n\n\n<div class=\"wp-block-columns is-layout-flex wp-container-core-columns-is-layout-9d6595d7 wp-block-columns-is-layout-flex\">\n<div class=\"wp-block-column is-layout-flow wp-block-column-is-layout-flow\"><div class=\"wp-block-image\">\n<figure class=\"aligncenter size-full\"><img loading=\"lazy\" decoding=\"async\" width=\"800\" height=\"1000\" src=\"https:\/\/www.caminosalkantay.com\/blog\/wp-content\/uploads\/2023\/06\/Senor-de-Qoyllur-Riti.jpg\" alt=\"Se\u00f1or de Qoyllur Rit'i\" class=\"wp-image-345\"\/><figcaption class=\"wp-element-caption\">Se\u00f1or de Qoyllur Rit&#8217;i<\/figcaption><\/figure>\n<\/div><\/div>\n\n\n\n<div class=\"wp-block-column is-layout-flow wp-block-column-is-layout-flow\"><div class=\"wp-block-image\">\n<figure class=\"aligncenter size-full\"><img loading=\"lazy\" decoding=\"async\" width=\"800\" height=\"1000\" src=\"https:\/\/www.caminosalkantay.com\/blog\/wp-content\/uploads\/2024\/06\/Los-ukukus.jpg\" alt=\"Los ukukus en la fiesta de Qoyllur Rit'i\" class=\"wp-image-2767\"\/><figcaption class=\"wp-element-caption\">Los ukukus de Qoyllur Rit&#8217;i<\/figcaption><\/figure>\n<\/div><\/div>\n<\/div>\n\n\n\n<h3 class=\"wp-block-heading\" id=\"h-inti-raymi-24-de-junio\">Inti Raymi &#8211; 24 de Junio<\/h3>\n\n\n\n<p>Inti Raymi, o Fiesta del Sol, es posiblemente la festividad m\u00e1s emblem\u00e1tica de Cusco. Celebrada desde tiempos incas, esta ceremonia estaba dedicada al dios Sol, Inti. Hoy en d\u00eda, es una reconstrucci\u00f3n hist\u00f3rica que atrae a miles de visitantes cada a\u00f1o.<\/p>\n\n\n\n<p><strong>Actividades:<\/strong> La celebraci\u00f3n incluye una procesi\u00f3n desde el Templo del Sol, m\u00e1s conocido como Qorikancha, hasta la fortaleza de Sacsayhuam\u00e1n, donde se realizan rituales, danzas y ceremonias en honor al Sol. Es una oportunidad \u00fanica para experimentar la cultura inca en todo su esplendor.<\/p>\n\n\n\n<div class=\"wp-block-columns is-layout-flex wp-container-core-columns-is-layout-9d6595d7 wp-block-columns-is-layout-flex\">\n<div class=\"wp-block-column is-layout-flow wp-block-column-is-layout-flow\"><div class=\"wp-block-image\">\n<figure class=\"aligncenter size-full\"><img loading=\"lazy\" decoding=\"async\" width=\"800\" height=\"1000\" src=\"https:\/\/www.caminosalkantay.com\/blog\/wp-content\/uploads\/2023\/05\/Ceremonia-andina-fiesta-Inti-Raymi.jpg\" alt=\"Ceremonia andina en la fiesta del Inti Raymi\" class=\"wp-image-2498\"\/><figcaption class=\"wp-element-caption\">Ceremonia andina en la fiesta del Inti Raymi<\/figcaption><\/figure>\n<\/div><\/div>\n\n\n\n<div class=\"wp-block-column is-layout-flow wp-block-column-is-layout-flow\"><div class=\"wp-block-image\">\n<figure class=\"aligncenter size-full\"><img loading=\"lazy\" decoding=\"async\" width=\"800\" height=\"1000\" src=\"https:\/\/www.caminosalkantay.com\/blog\/wp-content\/uploads\/2023\/06\/Ceremonia-del-Inti-Raymi.jpg\" alt=\"Ceremonia del Inti Raymi\" class=\"wp-image-363\"\/><figcaption class=\"wp-element-caption\">Ceremonia del Inti Raymi<\/figcaption><\/figure>\n<\/div><\/div>\n<\/div>\n\n\n\n<h3 class=\"wp-block-heading\" id=\"h-virgen-del-carmen-del-15-al-19-de-julio\">Virgen del Carmen \u2013 del 15 al 19 de Julio<\/h3>\n\n\n\n<p>La Virgen del Carmen es la patrona de Cusco y la festividad en su honor es una de las m\u00e1s coloridas y animadas de la regi\u00f3n. La celebraci\u00f3n combina elementos religiosos con danzas tradicionales y m\u00fasica.<\/p>\n\n\n\n<p><strong>Actividades:<\/strong> Durante varios d\u00edas, se llevan a cabo procesiones, danzas de comparsas en las calles de Paucartambo, un pueblo cercano a Cusco. Los participantes visten trajes elaborados y realizan bailes que representan la historia y las leyendas locales.<\/p>\n\n\n\n<div class=\"wp-block-columns is-layout-flex wp-container-core-columns-is-layout-9d6595d7 wp-block-columns-is-layout-flex\">\n<div class=\"wp-block-column is-layout-flow wp-block-column-is-layout-flow\"><div class=\"wp-block-image\">\n<figure class=\"aligncenter size-large\"><img loading=\"lazy\" decoding=\"async\" width=\"1024\" height=\"576\" src=\"https:\/\/www.caminosalkantay.com\/blog\/wp-content\/uploads\/2024\/02\/Virgen-del-Carmen-Paucartambo-1024x576.jpg\" alt=\"Festividad de la Virgen del Carmen en Paucartambo\" class=\"wp-image-2080\"\/><figcaption class=\"wp-element-caption\">Festividad de la Virgen del Carmen en Paucartambo<\/figcaption><\/figure>\n<\/div><\/div>\n<\/div>\n\n\n\n<h3 class=\"wp-block-heading\" id=\"h-fiestas-patrias-28-y-29-de-julio\">Fiestas Patrias \u2013 28 y 29 de Julio<\/h3>\n\n\n\n<p>Las Fiestas Patrias de Per\u00fa se celebran en todo el pa\u00eds, pero en Cusco adquieren un significado especial debido a su rica historia y patrimonio cultural. Durante estos d\u00edas, se realizan desfiles c\u00edvicos, eventos deportivos y culturales para conmemorar la independencia del pa\u00eds.<\/p>\n\n\n\n<p><strong>Actividades:<\/strong> En Cusco, puedes disfrutar de desfiles militares y escolares en la Plaza de Armas, as\u00ed como festivales de comida y m\u00fasica tradicional en diferentes puntos de la ciudad. Es una excelente oportunidad para experimentar la cultura peruana en su m\u00e1xima expresi\u00f3n.<\/p>\n\n\n\n<div class=\"wp-block-columns is-layout-flex wp-container-core-columns-is-layout-9d6595d7 wp-block-columns-is-layout-flex\">\n<div class=\"wp-block-column is-layout-flow wp-block-column-is-layout-flow\"><div class=\"wp-block-image\">\n<figure class=\"aligncenter size-large\"><img loading=\"lazy\" decoding=\"async\" width=\"1024\" height=\"683\" src=\"https:\/\/www.caminosalkantay.com\/blog\/wp-content\/uploads\/2024\/08\/Desfile-escolar-Cusco-fiestas-patrias-1024x683.jpg\" alt=\"Desfile escolar en Cusco por fiestas patrias\" class=\"wp-image-2999\"\/><figcaption class=\"wp-element-caption\">Desfile escolar en Cusco por fiestas patrias<\/figcaption><\/figure>\n<\/div><\/div>\n<\/div>\n\n\n\n<h2 class=\"wp-block-heading\" id=\"h-conclusion\">Conclusi\u00f3n<\/h2>\n\n\n\n<p>Por un lado, planificar tu visita a Cusco durante la temporada seca te permitir\u00e1 disfrutar de condiciones clim\u00e1ticas favorables, paisajes impresionantes y una experiencia cultural enriquecedora. Ya sea que est\u00e9s interesado en explorar ruinas antiguas, realizar caminatas esc\u00e9nicas o simplemente empaparte de la atm\u00f3sfera hist\u00f3rica de la ciudad, la temporada seca ofrece el entorno perfecto para hacerlo. Prep\u00e1rate para vivir momentos inolvidables en este destino emblem\u00e1tico de los Andes peruanos.<\/p>\n\n\n\n<p>Por otra parte, las festividades en temporada seca en Cusco no solo son eventos religiosos y culturales, sino tambi\u00e9n una ventana a la historia viva de la regi\u00f3n andina. Desde rituales ancestrales hasta celebraciones vibrantes llenas de color y m\u00fasica, estas festividades ofrecen una experiencia \u00fanica que te sumergir\u00e1 en la rica tradici\u00f3n cultural de Cusco. Planifica tu visita durante la temporada seca para presenciar estas festividades y llevarte recuerdos inolvidables de una de las ciudades m\u00e1s fascinantes de Per\u00fa.<\/p>\n\n\n\n<h2 class=\"wp-block-heading\" id=\"h-te-puede-interesar\">Te puede interesar:<\/h2>\n\n\n\n<ul class=\"wp-block-list\">\n<li><strong><a href=\"https:\/\/www.caminosalkantay.com\/blog\/que-hacer-viajas-cusco-temporada-lluvias\/\">\u00bfQu\u00e9 Hacer si Viajas a Cusco en Temporada de Lluvias?<\/a><\/strong><\/li>\n\n\n\n<li><strong><a href=\"https:\/\/www.caminosalkantay.com\/blog\/guia-esencial-de-cusco-consejos-y-recomendaciones-para-tu-viaje\/\">Gu\u00eda Esencial de Cusco: Consejos y Recomendaciones para tu Viaje<\/a><\/strong><\/li>\n\n\n\n<li><strong><a href=\"https:\/\/www.caminosalkantay.com\/blog\/aclimatacion-en-cusco-todo-lo-que-tienes-que-saber\/\">Aclimataci\u00f3n en Cusco, todo lo que tienes que saber<\/a><\/strong><\/li>\n\n\n\n<li><strong><a href=\"https:\/\/www.caminosalkantay.com\/blog\/que-hacer-en-cusco\/\">\u00bfQu\u00e9 hacer en Cusco?<\/a><\/strong><\/li>\n\n\n\n<li><strong><a href=\"https:\/\/www.caminosalkantay.com\/blog\/mejor-epoca-para-visitar-cusco-peru\/\">Mejor \u00e9poca para visitar Cusco, Per\u00fa<\/a><\/strong><\/li>\n\n\n\n<li><strong><a href=\"https:\/\/www.caminosalkantay.com\/blog\/festividades-en-cusco-2024\/\">Festividades en Cusco 2024<\/a><\/strong><\/li>\n\n\n\n<li><strong><a href=\"https:\/\/www.caminosalkantay.com\/blog\/clima-en-cusco-la-guia-completa\/\">Clima en Cusco: La Gu\u00eda Completa del Tiempo Durante todo el A\u00f1o<\/a><\/strong><\/li>\n\n\n\n<li><strong><a href=\"https:\/\/www.caminosalkantay.com\/blog\/lugares-instagrameables-debes-conocer-cusco-peru\/\">Los Lugares m\u00e1s Instagrameables que Debes Conocer en Cusco, Per\u00fa<\/a><\/strong><\/li>\n\n\n\n<li><strong><a href=\"https:\/\/www.caminosalkantay.com\/blog\/13-mejores-hoteles-en-cusco-peru\/\">13 mejores Hoteles en Cusco, Per\u00fa<\/a><\/strong><\/li>\n\n\n\n<li><strong><a href=\"https:\/\/www.caminosalkantay.com\/blog\/como-se-puede-llegar-a-cusco\/\">\u00bfC\u00f3mo se puede llegar a Cusco?<\/a><\/strong><\/li>\n<\/ul>\n\n\n\n<ul class=\"wp-block-list lang\">\n<li class=\"en\"><a href=\"https:\/\/www.salkantaytrekking.com\/blog\/everything-you-need-to-know-about-the-dry-season-in-cusco-peru\/\">EN<\/a><\/li>\n\n\n\n<li class=\"pt\"><a href=\"https:\/\/www.salkantaytrilha.com\/blog\/tudo-o-que-voce-precisa-saber-sobre-a-temporada-seca-em-cusco-no-peru\/\">PT<\/a><\/li>\n<\/ul>\n","protected":false},"excerpt":{"rendered":"<p>Cusco, la antigua capital del Imperio Inca y ahora uno de los destinos tur\u00edsticos m\u00e1s populares de Per\u00fa, experimenta una marcada divisi\u00f3n entre la temporada seca y la temporada de lluvias. Conocer los detalles de la temporada seca es crucial [&hellip;]<\/p>\n","protected":false},"author":1,"featured_media":2996,"comment_status":"open","ping_status":"open","sticky":false,"template":"","format":"standard","meta":{"footnotes":""},"categories":[352,353,710],"tags":[712,713,711,357],"class_list":["post-2991","post","type-post","status-publish","format-standard","has-post-thumbnail","hentry","category-clima","category-climas","category-temporada-seca","tag-clima-y-las-temperaturas-en-cusco","tag-festividades-en-temporada-seca-en-cusco","tag-la-temporada-seca-en-cusco","tag-temporada-seca"],"yoast_head":"<!-- This site is optimized with the Yoast SEO Premium plugin v27.4 (Yoast SEO v27.4) - https:\/\/yoast.com\/product\/yoast-seo-premium-wordpress\/ -->\n<title>Todo lo que necesitas saber sobre la temporada seca en Cusco, Per\u00fa. | Informaci\u00f3n de Viajes a Machu Picchu | Cusco | Per\u00fa<\/title>\n<meta name=\"description\" content=\"Aqu\u00ed te proporcionamos una gu\u00eda completa sobre lo que debes saber acerca de la temporada seca en Cusco.\" \/>\n<meta name=\"robots\" content=\"index, follow, max-snippet:-1, max-image-preview:large, max-video-preview:-1\" \/>\n<link rel=\"canonical\" href=\"https:\/\/www.caminosalkantay.com\/blog\/todo-lo-que-necesitas-saber-sobre-la-temporada-seca-en-cusco-peru\/\" \/>\n<meta property=\"og:locale\" content=\"es_ES\" \/>\n<meta property=\"og:type\" content=\"article\" \/>\n<meta property=\"og:title\" content=\"Todo lo que necesitas saber sobre la temporada seca en Cusco, Per\u00fa.\" \/>\n<meta property=\"og:description\" content=\"Aqu\u00ed te proporcionamos una gu\u00eda completa sobre lo que debes saber acerca de la temporada seca en Cusco.\" \/>\n<meta property=\"og:url\" content=\"https:\/\/www.caminosalkantay.com\/blog\/todo-lo-que-necesitas-saber-sobre-la-temporada-seca-en-cusco-peru\/\" \/>\n<meta property=\"og:site_name\" content=\"Informaci\u00f3n de Viajes a Machu Picchu | Cusco | Per\u00fa\" \/>\n<meta property=\"article:publisher\" content=\"https:\/\/www.facebook.com\/SalkantayTrekking\/\" \/>\n<meta property=\"article:published_time\" content=\"2024-08-12T16:22:40+00:00\" \/>\n<meta property=\"article:modified_time\" content=\"2024-12-09T23:47:37+00:00\" \/>\n<meta property=\"og:image\" content=\"https:\/\/www.caminosalkantay.com\/blog\/wp-content\/uploads\/2024\/08\/la-temporada-seca-en-Cusco.jpg\" \/>\n\t<meta property=\"og:image:width\" content=\"1873\" \/>\n\t<meta property=\"og:image:height\" content=\"1249\" \/>\n\t<meta property=\"og:image:type\" content=\"image\/jpeg\" \/>\n<meta name=\"author\" content=\"Camino Salkantay\" \/>\n<meta name=\"twitter:card\" content=\"summary_large_image\" \/>\n<meta name=\"twitter:creator\" content=\"@salkantayperu\" \/>\n<meta name=\"twitter:site\" content=\"@salkantayperu\" \/>\n<meta name=\"twitter:label1\" content=\"Escrito por\" \/>\n\t<meta name=\"twitter:data1\" content=\"Camino Salkantay\" \/>\n\t<meta name=\"twitter:label2\" content=\"Tiempo de lectura\" \/>\n\t<meta name=\"twitter:data2\" content=\"9 minutos\" \/>\n<script type=\"application\/ld+json\" class=\"yoast-schema-graph\">{\"@context\":\"https:\\\/\\\/schema.org\",\"@graph\":[{\"@type\":\"Article\",\"@id\":\"https:\\\/\\\/www.caminosalkantay.com\\\/blog\\\/todo-lo-que-necesitas-saber-sobre-la-temporada-seca-en-cusco-peru\\\/#article\",\"isPartOf\":{\"@id\":\"https:\\\/\\\/www.caminosalkantay.com\\\/blog\\\/todo-lo-que-necesitas-saber-sobre-la-temporada-seca-en-cusco-peru\\\/\"},\"author\":{\"name\":\"Camino Salkantay\",\"@id\":\"https:\\\/\\\/www.caminosalkantay.com\\\/blog\\\/#\\\/schema\\\/person\\\/53071c800d0ee3cb98d89c6dffbc171f\"},\"headline\":\"Todo lo que necesitas saber sobre la temporada seca en Cusco, Per\u00fa.\",\"datePublished\":\"2024-08-12T16:22:40+00:00\",\"dateModified\":\"2024-12-09T23:47:37+00:00\",\"mainEntityOfPage\":{\"@id\":\"https:\\\/\\\/www.caminosalkantay.com\\\/blog\\\/todo-lo-que-necesitas-saber-sobre-la-temporada-seca-en-cusco-peru\\\/\"},\"wordCount\":1446,\"commentCount\":0,\"publisher\":{\"@id\":\"https:\\\/\\\/www.caminosalkantay.com\\\/blog\\\/#organization\"},\"image\":{\"@id\":\"https:\\\/\\\/www.caminosalkantay.com\\\/blog\\\/todo-lo-que-necesitas-saber-sobre-la-temporada-seca-en-cusco-peru\\\/#primaryimage\"},\"thumbnailUrl\":\"https:\\\/\\\/www.caminosalkantay.com\\\/blog\\\/wp-content\\\/uploads\\\/2024\\\/08\\\/la-temporada-seca-en-Cusco.jpg\",\"keywords\":[\"Clima y las temperaturas en Cusco\",\"Festividades en Temporada Seca en Cusco\",\"La temporada seca en Cusco\",\"temporada seca\"],\"articleSection\":[\"clima\",\"climas\",\"Temporada Seca\"],\"inLanguage\":\"es\",\"potentialAction\":[{\"@type\":\"CommentAction\",\"name\":\"Comment\",\"target\":[\"https:\\\/\\\/www.caminosalkantay.com\\\/blog\\\/todo-lo-que-necesitas-saber-sobre-la-temporada-seca-en-cusco-peru\\\/#respond\"]}],\"accessibilityFeature\":[\"tableOfContents\"]},{\"@type\":\"WebPage\",\"@id\":\"https:\\\/\\\/www.caminosalkantay.com\\\/blog\\\/todo-lo-que-necesitas-saber-sobre-la-temporada-seca-en-cusco-peru\\\/\",\"url\":\"https:\\\/\\\/www.caminosalkantay.com\\\/blog\\\/todo-lo-que-necesitas-saber-sobre-la-temporada-seca-en-cusco-peru\\\/\",\"name\":\"Todo lo que necesitas saber sobre la temporada seca en Cusco, Per\u00fa. | Informaci\u00f3n de Viajes a Machu Picchu | Cusco | Per\u00fa\",\"isPartOf\":{\"@id\":\"https:\\\/\\\/www.caminosalkantay.com\\\/blog\\\/#website\"},\"primaryImageOfPage\":{\"@id\":\"https:\\\/\\\/www.caminosalkantay.com\\\/blog\\\/todo-lo-que-necesitas-saber-sobre-la-temporada-seca-en-cusco-peru\\\/#primaryimage\"},\"image\":{\"@id\":\"https:\\\/\\\/www.caminosalkantay.com\\\/blog\\\/todo-lo-que-necesitas-saber-sobre-la-temporada-seca-en-cusco-peru\\\/#primaryimage\"},\"thumbnailUrl\":\"https:\\\/\\\/www.caminosalkantay.com\\\/blog\\\/wp-content\\\/uploads\\\/2024\\\/08\\\/la-temporada-seca-en-Cusco.jpg\",\"datePublished\":\"2024-08-12T16:22:40+00:00\",\"dateModified\":\"2024-12-09T23:47:37+00:00\",\"description\":\"Aqu\u00ed te proporcionamos una gu\u00eda completa sobre lo que debes saber acerca de la temporada seca en Cusco.\",\"breadcrumb\":{\"@id\":\"https:\\\/\\\/www.caminosalkantay.com\\\/blog\\\/todo-lo-que-necesitas-saber-sobre-la-temporada-seca-en-cusco-peru\\\/#breadcrumb\"},\"inLanguage\":\"es\",\"potentialAction\":[{\"@type\":\"ReadAction\",\"target\":[\"https:\\\/\\\/www.caminosalkantay.com\\\/blog\\\/todo-lo-que-necesitas-saber-sobre-la-temporada-seca-en-cusco-peru\\\/\"]}]},{\"@type\":\"ImageObject\",\"inLanguage\":\"es\",\"@id\":\"https:\\\/\\\/www.caminosalkantay.com\\\/blog\\\/todo-lo-que-necesitas-saber-sobre-la-temporada-seca-en-cusco-peru\\\/#primaryimage\",\"url\":\"https:\\\/\\\/www.caminosalkantay.com\\\/blog\\\/wp-content\\\/uploads\\\/2024\\\/08\\\/la-temporada-seca-en-Cusco.jpg\",\"contentUrl\":\"https:\\\/\\\/www.caminosalkantay.com\\\/blog\\\/wp-content\\\/uploads\\\/2024\\\/08\\\/la-temporada-seca-en-Cusco.jpg\",\"width\":1873,\"height\":1249,\"caption\":\"la temporada seca en Cusco\"},{\"@type\":\"BreadcrumbList\",\"@id\":\"https:\\\/\\\/www.caminosalkantay.com\\\/blog\\\/todo-lo-que-necesitas-saber-sobre-la-temporada-seca-en-cusco-peru\\\/#breadcrumb\",\"itemListElement\":[{\"@type\":\"ListItem\",\"position\":1,\"name\":\"Portada\",\"item\":\"https:\\\/\\\/www.caminosalkantay.com\\\/blog\\\/\"},{\"@type\":\"ListItem\",\"position\":2,\"name\":\"Todo lo que necesitas saber sobre la temporada seca en Cusco, Per\u00fa.\"}]},{\"@type\":\"WebSite\",\"@id\":\"https:\\\/\\\/www.caminosalkantay.com\\\/blog\\\/#website\",\"url\":\"https:\\\/\\\/www.caminosalkantay.com\\\/blog\\\/\",\"name\":\"Informaci\u00f3n de Viajes a Machu Picchu | Cusco | Per\u00fa\",\"description\":\"Informaci\u00f3n de Viajes a Machu Picchu | Cusco | Per\u00fa\",\"publisher\":{\"@id\":\"https:\\\/\\\/www.caminosalkantay.com\\\/blog\\\/#organization\"},\"potentialAction\":[{\"@type\":\"SearchAction\",\"target\":{\"@type\":\"EntryPoint\",\"urlTemplate\":\"https:\\\/\\\/www.caminosalkantay.com\\\/blog\\\/?s={search_term_string}\"},\"query-input\":{\"@type\":\"PropertyValueSpecification\",\"valueRequired\":true,\"valueName\":\"search_term_string\"}}],\"inLanguage\":\"es\"},{\"@type\":\"Organization\",\"@id\":\"https:\\\/\\\/www.caminosalkantay.com\\\/blog\\\/#organization\",\"name\":\"Camino Salkantay\",\"url\":\"https:\\\/\\\/www.caminosalkantay.com\\\/blog\\\/\",\"logo\":{\"@type\":\"ImageObject\",\"inLanguage\":\"es\",\"@id\":\"https:\\\/\\\/www.caminosalkantay.com\\\/blog\\\/#\\\/schema\\\/logo\\\/image\\\/\",\"url\":\"https:\\\/\\\/www.caminosalkantay.com\\\/blog\\\/wp-content\\\/uploads\\\/2023\\\/05\\\/salkantaytrekking-logo-300x128-1.png\",\"contentUrl\":\"https:\\\/\\\/www.caminosalkantay.com\\\/blog\\\/wp-content\\\/uploads\\\/2023\\\/05\\\/salkantaytrekking-logo-300x128-1.png\",\"width\":300,\"height\":128,\"caption\":\"Camino Salkantay\"},\"image\":{\"@id\":\"https:\\\/\\\/www.caminosalkantay.com\\\/blog\\\/#\\\/schema\\\/logo\\\/image\\\/\"},\"sameAs\":[\"https:\\\/\\\/www.facebook.com\\\/SalkantayTrekking\\\/\",\"https:\\\/\\\/x.com\\\/salkantayperu\",\"https:\\\/\\\/www.tumblr.com\\\/salkantay-trek\",\"https:\\\/\\\/www.instagram.com\\\/salkantaytrekking\\\/\",\"https:\\\/\\\/www.pinterest.com\\\/salkantaytrekking\\\/\",\"https:\\\/\\\/www.linkedin.com\\\/company\\\/salkantay-trekking\"]},{\"@type\":\"Person\",\"@id\":\"https:\\\/\\\/www.caminosalkantay.com\\\/blog\\\/#\\\/schema\\\/person\\\/53071c800d0ee3cb98d89c6dffbc171f\",\"name\":\"Camino Salkantay\",\"image\":{\"@type\":\"ImageObject\",\"inLanguage\":\"es\",\"@id\":\"https:\\\/\\\/secure.gravatar.com\\\/avatar\\\/b41678a33c57a2bf0032b7c254611fc97caffd94ade0663405b364d1c0177d1d?s=96&d=mm&r=g\",\"url\":\"https:\\\/\\\/secure.gravatar.com\\\/avatar\\\/b41678a33c57a2bf0032b7c254611fc97caffd94ade0663405b364d1c0177d1d?s=96&d=mm&r=g\",\"contentUrl\":\"https:\\\/\\\/secure.gravatar.com\\\/avatar\\\/b41678a33c57a2bf0032b7c254611fc97caffd94ade0663405b364d1c0177d1d?s=96&d=mm&r=g\",\"caption\":\"Camino Salkantay\"},\"sameAs\":[\"https:\\\/\\\/www.caminosalkantay.com\\\/blog\"]}]}<\/script>\n<!-- \/ Yoast SEO Premium plugin. -->","yoast_head_json":{"title":"Todo lo que necesitas saber sobre la temporada seca en Cusco, Per\u00fa. | Informaci\u00f3n de Viajes a Machu Picchu | Cusco | Per\u00fa","description":"Aqu\u00ed te proporcionamos una gu\u00eda completa sobre lo que debes saber acerca de la temporada seca en Cusco.","robots":{"index":"index","follow":"follow","max-snippet":"max-snippet:-1","max-image-preview":"max-image-preview:large","max-video-preview":"max-video-preview:-1"},"canonical":"https:\/\/www.caminosalkantay.com\/blog\/todo-lo-que-necesitas-saber-sobre-la-temporada-seca-en-cusco-peru\/","og_locale":"es_ES","og_type":"article","og_title":"Todo lo que necesitas saber sobre la temporada seca en Cusco, Per\u00fa.","og_description":"Aqu\u00ed te proporcionamos una gu\u00eda completa sobre lo que debes saber acerca de la temporada seca en Cusco.","og_url":"https:\/\/www.caminosalkantay.com\/blog\/todo-lo-que-necesitas-saber-sobre-la-temporada-seca-en-cusco-peru\/","og_site_name":"Informaci\u00f3n de Viajes a Machu Picchu | Cusco | Per\u00fa","article_publisher":"https:\/\/www.facebook.com\/SalkantayTrekking\/","article_published_time":"2024-08-12T16:22:40+00:00","article_modified_time":"2024-12-09T23:47:37+00:00","og_image":[{"width":1873,"height":1249,"url":"https:\/\/www.caminosalkantay.com\/blog\/wp-content\/uploads\/2024\/08\/la-temporada-seca-en-Cusco.jpg","type":"image\/jpeg"}],"author":"Camino Salkantay","twitter_card":"summary_large_image","twitter_creator":"@salkantayperu","twitter_site":"@salkantayperu","twitter_misc":{"Escrito por":"Camino Salkantay","Tiempo de lectura":"9 minutos"},"schema":{"@context":"https:\/\/schema.org","@graph":[{"@type":"Article","@id":"https:\/\/www.caminosalkantay.com\/blog\/todo-lo-que-necesitas-saber-sobre-la-temporada-seca-en-cusco-peru\/#article","isPartOf":{"@id":"https:\/\/www.caminosalkantay.com\/blog\/todo-lo-que-necesitas-saber-sobre-la-temporada-seca-en-cusco-peru\/"},"author":{"name":"Camino Salkantay","@id":"https:\/\/www.caminosalkantay.com\/blog\/#\/schema\/person\/53071c800d0ee3cb98d89c6dffbc171f"},"headline":"Todo lo que necesitas saber sobre la temporada seca en Cusco, Per\u00fa.","datePublished":"2024-08-12T16:22:40+00:00","dateModified":"2024-12-09T23:47:37+00:00","mainEntityOfPage":{"@id":"https:\/\/www.caminosalkantay.com\/blog\/todo-lo-que-necesitas-saber-sobre-la-temporada-seca-en-cusco-peru\/"},"wordCount":1446,"commentCount":0,"publisher":{"@id":"https:\/\/www.caminosalkantay.com\/blog\/#organization"},"image":{"@id":"https:\/\/www.caminosalkantay.com\/blog\/todo-lo-que-necesitas-saber-sobre-la-temporada-seca-en-cusco-peru\/#primaryimage"},"thumbnailUrl":"https:\/\/www.caminosalkantay.com\/blog\/wp-content\/uploads\/2024\/08\/la-temporada-seca-en-Cusco.jpg","keywords":["Clima y las temperaturas en Cusco","Festividades en Temporada Seca en Cusco","La temporada seca en Cusco","temporada seca"],"articleSection":["clima","climas","Temporada Seca"],"inLanguage":"es","potentialAction":[{"@type":"CommentAction","name":"Comment","target":["https:\/\/www.caminosalkantay.com\/blog\/todo-lo-que-necesitas-saber-sobre-la-temporada-seca-en-cusco-peru\/#respond"]}],"accessibilityFeature":["tableOfContents"]},{"@type":"WebPage","@id":"https:\/\/www.caminosalkantay.com\/blog\/todo-lo-que-necesitas-saber-sobre-la-temporada-seca-en-cusco-peru\/","url":"https:\/\/www.caminosalkantay.com\/blog\/todo-lo-que-necesitas-saber-sobre-la-temporada-seca-en-cusco-peru\/","name":"Todo lo que necesitas saber sobre la temporada seca en Cusco, Per\u00fa. | Informaci\u00f3n de Viajes a Machu Picchu | Cusco | Per\u00fa","isPartOf":{"@id":"https:\/\/www.caminosalkantay.com\/blog\/#website"},"primaryImageOfPage":{"@id":"https:\/\/www.caminosalkantay.com\/blog\/todo-lo-que-necesitas-saber-sobre-la-temporada-seca-en-cusco-peru\/#primaryimage"},"image":{"@id":"https:\/\/www.caminosalkantay.com\/blog\/todo-lo-que-necesitas-saber-sobre-la-temporada-seca-en-cusco-peru\/#primaryimage"},"thumbnailUrl":"https:\/\/www.caminosalkantay.com\/blog\/wp-content\/uploads\/2024\/08\/la-temporada-seca-en-Cusco.jpg","datePublished":"2024-08-12T16:22:40+00:00","dateModified":"2024-12-09T23:47:37+00:00","description":"Aqu\u00ed te proporcionamos una gu\u00eda completa sobre lo que debes saber acerca de la temporada seca en Cusco.","breadcrumb":{"@id":"https:\/\/www.caminosalkantay.com\/blog\/todo-lo-que-necesitas-saber-sobre-la-temporada-seca-en-cusco-peru\/#breadcrumb"},"inLanguage":"es","potentialAction":[{"@type":"ReadAction","target":["https:\/\/www.caminosalkantay.com\/blog\/todo-lo-que-necesitas-saber-sobre-la-temporada-seca-en-cusco-peru\/"]}]},{"@type":"ImageObject","inLanguage":"es","@id":"https:\/\/www.caminosalkantay.com\/blog\/todo-lo-que-necesitas-saber-sobre-la-temporada-seca-en-cusco-peru\/#primaryimage","url":"https:\/\/www.caminosalkantay.com\/blog\/wp-content\/uploads\/2024\/08\/la-temporada-seca-en-Cusco.jpg","contentUrl":"https:\/\/www.caminosalkantay.com\/blog\/wp-content\/uploads\/2024\/08\/la-temporada-seca-en-Cusco.jpg","width":1873,"height":1249,"caption":"la temporada seca en Cusco"},{"@type":"BreadcrumbList","@id":"https:\/\/www.caminosalkantay.com\/blog\/todo-lo-que-necesitas-saber-sobre-la-temporada-seca-en-cusco-peru\/#breadcrumb","itemListElement":[{"@type":"ListItem","position":1,"name":"Portada","item":"https:\/\/www.caminosalkantay.com\/blog\/"},{"@type":"ListItem","position":2,"name":"Todo lo que necesitas saber sobre la temporada seca en Cusco, Per\u00fa."}]},{"@type":"WebSite","@id":"https:\/\/www.caminosalkantay.com\/blog\/#website","url":"https:\/\/www.caminosalkantay.com\/blog\/","name":"Informaci\u00f3n de Viajes a Machu Picchu | Cusco | Per\u00fa","description":"Informaci\u00f3n de Viajes a Machu Picchu | Cusco | Per\u00fa","publisher":{"@id":"https:\/\/www.caminosalkantay.com\/blog\/#organization"},"potentialAction":[{"@type":"SearchAction","target":{"@type":"EntryPoint","urlTemplate":"https:\/\/www.caminosalkantay.com\/blog\/?s={search_term_string}"},"query-input":{"@type":"PropertyValueSpecification","valueRequired":true,"valueName":"search_term_string"}}],"inLanguage":"es"},{"@type":"Organization","@id":"https:\/\/www.caminosalkantay.com\/blog\/#organization","name":"Camino Salkantay","url":"https:\/\/www.caminosalkantay.com\/blog\/","logo":{"@type":"ImageObject","inLanguage":"es","@id":"https:\/\/www.caminosalkantay.com\/blog\/#\/schema\/logo\/image\/","url":"https:\/\/www.caminosalkantay.com\/blog\/wp-content\/uploads\/2023\/05\/salkantaytrekking-logo-300x128-1.png","contentUrl":"https:\/\/www.caminosalkantay.com\/blog\/wp-content\/uploads\/2023\/05\/salkantaytrekking-logo-300x128-1.png","width":300,"height":128,"caption":"Camino Salkantay"},"image":{"@id":"https:\/\/www.caminosalkantay.com\/blog\/#\/schema\/logo\/image\/"},"sameAs":["https:\/\/www.facebook.com\/SalkantayTrekking\/","https:\/\/x.com\/salkantayperu","https:\/\/www.tumblr.com\/salkantay-trek","https:\/\/www.instagram.com\/salkantaytrekking\/","https:\/\/www.pinterest.com\/salkantaytrekking\/","https:\/\/www.linkedin.com\/company\/salkantay-trekking"]},{"@type":"Person","@id":"https:\/\/www.caminosalkantay.com\/blog\/#\/schema\/person\/53071c800d0ee3cb98d89c6dffbc171f","name":"Camino Salkantay","image":{"@type":"ImageObject","inLanguage":"es","@id":"https:\/\/secure.gravatar.com\/avatar\/b41678a33c57a2bf0032b7c254611fc97caffd94ade0663405b364d1c0177d1d?s=96&d=mm&r=g","url":"https:\/\/secure.gravatar.com\/avatar\/b41678a33c57a2bf0032b7c254611fc97caffd94ade0663405b364d1c0177d1d?s=96&d=mm&r=g","contentUrl":"https:\/\/secure.gravatar.com\/avatar\/b41678a33c57a2bf0032b7c254611fc97caffd94ade0663405b364d1c0177d1d?s=96&d=mm&r=g","caption":"Camino Salkantay"},"sameAs":["https:\/\/www.caminosalkantay.com\/blog"]}]}},"_links":{"self":[{"href":"https:\/\/www.caminosalkantay.com\/blog\/wp-json\/wp\/v2\/posts\/2991","targetHints":{"allow":["GET"]}}],"collection":[{"href":"https:\/\/www.caminosalkantay.com\/blog\/wp-json\/wp\/v2\/posts"}],"about":[{"href":"https:\/\/www.caminosalkantay.com\/blog\/wp-json\/wp\/v2\/types\/post"}],"author":[{"embeddable":true,"href":"https:\/\/www.caminosalkantay.com\/blog\/wp-json\/wp\/v2\/users\/1"}],"replies":[{"embeddable":true,"href":"https:\/\/www.caminosalkantay.com\/blog\/wp-json\/wp\/v2\/comments?post=2991"}],"version-history":[{"count":3,"href":"https:\/\/www.caminosalkantay.com\/blog\/wp-json\/wp\/v2\/posts\/2991\/revisions"}],"predecessor-version":[{"id":4209,"href":"https:\/\/www.caminosalkantay.com\/blog\/wp-json\/wp\/v2\/posts\/2991\/revisions\/4209"}],"wp:featuredmedia":[{"embeddable":true,"href":"https:\/\/www.caminosalkantay.com\/blog\/wp-json\/wp\/v2\/media\/2996"}],"wp:attachment":[{"href":"https:\/\/www.caminosalkantay.com\/blog\/wp-json\/wp\/v2\/media?parent=2991"}],"wp:term":[{"taxonomy":"category","embeddable":true,"href":"https:\/\/www.caminosalkantay.com\/blog\/wp-json\/wp\/v2\/categories?post=2991"},{"taxonomy":"post_tag","embeddable":true,"href":"https:\/\/www.caminosalkantay.com\/blog\/wp-json\/wp\/v2\/tags?post=2991"}],"curies":[{"name":"wp","href":"https:\/\/api.w.org\/{rel}","templated":true}]}}