{"id":342,"date":"2023-06-01T17:45:15","date_gmt":"2023-06-01T22:45:15","guid":{"rendered":"https:\/\/www.caminosalkantay.com\/blog\/?p=342"},"modified":"2023-06-05T16:29:12","modified_gmt":"2023-06-05T21:29:12","slug":"descubre-magia-mes-jubilar-cusco-viaje-inolvidable-traves-festividades","status":"publish","type":"post","link":"https:\/\/www.caminosalkantay.com\/blog\/descubre-magia-mes-jubilar-cusco-viaje-inolvidable-traves-festividades\/","title":{"rendered":"Descubre la magia del mes jubilar en el Cusco: Un viaje inolvidable a trav\u00e9s de sus festividades"},"content":{"rendered":"\n<p>\u00a1Bienvenidos al mes jubilar del Cusco! En junio, esta tierra ancestral se llena de alegr\u00eda, danza, color, m\u00fasica en honor a su tradici\u00f3n, sus ra\u00edces culturales y su rica historia. En este blog, te invitamos a sumergirte en la magia de las Fiestas del Cusco y descubrir los eventos m\u00e1s destacados que te transportar\u00e1n a un mundo m\u00e1gico lleno de historia y espiritualidad.\u00a0<\/p>\n\n\n\n<ul class=\"anchor-links wp-block-list\">\n<li><a href=\"#1-DE-JUNIO:-Ofrenda-a-la-Pachamama\"><strong>1 DE JUNIO:<\/strong> Ofrenda a la Pachamama<\/a><\/li>\n\n\n\n<li><a href=\"#3-DE-JUNIO:-Ceremonia-de-lanzamiento-de-las-festividades-del-Patr\u00f3n-San-Crist\u00f3bal-2023\"><strong>3 DE JUNIO:<\/strong> Ceremonia de lanzamiento de las festividades del Patr\u00f3n San Crist\u00f3bal 2023<\/a><\/li>\n\n\n\n<li><a href=\"#6-DE-JUNIO:-Peregrinaci\u00f3n-al-Santuario-del-Se\u00f1or-de-Qoyllur-Rit'i\"><strong>6 DE JUNIO:<\/strong> Peregrinaci\u00f3n al Santuario del Se\u00f1or de Qoyllur Rit&#8217;i<\/a><\/li>\n\n\n\n<li><a href=\"#6-DE-JUNIO:-Gran-corso-&quot;El-encuentro-de-los-Mundos&quot;\"><strong>6 DE JUNIO:<\/strong> Gran corso \u00abEl encuentro de los Mundos\u00bb<\/a><\/li>\n\n\n\n<li><a href=\"#7-DE-JUNIO:-Festival-Gastron\u00f3mico-del-Chiriuchu\"><strong>7 DE JUNIO:<\/strong> Festival Gastron\u00f3mico del Chiriuchu<\/a><\/li>\n\n\n\n<li class=\"anchor-links\"><a href=\"#7-DE-JUNIO:-Tradicional-entrada-del-Corpus-Christi-Cusque\u00f1o\"><strong>8 DE JUNIO:<\/strong> Tradicional Procesi\u00f3n del Corpus Christi Cusque\u00f1o<\/a><\/li>\n\n\n\n<li><a href=\"#8-y-11-DE-JUNIO:-Inicio-del-ritual-de-renovaci\u00f3n-anual,-tendido-del-puente-de-Q'eswachaka-y-festival-folkl\u00f3rico\"><strong>8 y 11 DE JUNIO:<\/strong> Inicio del ritual de renovaci\u00f3n anual, tendido del puente de Q&#8217;eswachaka y festival folkl\u00f3rico<\/a><\/li>\n\n\n\n<li><a href=\"#10-DE-JUNIO:-Lanzamiento-de-la-festividad-de-la-Virgen-del-Carmen-de-Paucartambo\"><strong>10 DE JUNIO:<\/strong> Lanzamiento de la festividad de la Virgen del Carmen de Paucartambo<\/a><\/li>\n\n\n\n<li><a href=\"#10-DE-JUNIO:-Saludo-del-Per\u00fa-al-Qosqo-en-su-d\u00eda\"><strong>10 DE JUNIO:<\/strong> Saludo del Per\u00fa al Qosqo en su d\u00eda<\/a><\/li>\n\n\n\n<li><a href=\"#09,12,13-y-14-DE-JUNIO:-Desfiles-de-danzas-t\u00edpicas-del-Cusco\"><strong>09,12,13 y 14 DE JUNIO:<\/strong> Desfiles de danzas t\u00edpicas del Cusco<\/a><\/li>\n\n\n\n<li><a href=\"#15-DE-JUNIO:--Octava-de-la-Festividad-del-Corpus-Christi-cusque\u00f1o\"><strong>15 DE JUNIO:<\/strong>&nbsp; Octava de la Festividad del Corpus Christi cusque\u00f1o<\/a><\/li>\n\n\n\n<li><a href=\"#17-DE-JUNIO:-Luces-y-Sonido-en-la-Plaza-Mayor-del-Cusco\"><strong>17 DE JUNIO:<\/strong> Luces y Sonido en la Plaza Mayor del Cusco<\/a><\/li>\n\n\n\n<li><a href=\"#18-DE-JUNIO:-Desfile-de-alegor\u00edas-gigantes\"><strong>18 DE JUNIO:<\/strong> Desfile de alegor\u00edas gigantes<\/a><\/li>\n\n\n\n<li><a href=\"#20-y-21-DE-JUNIO:-Desfile-de-danzas-de-las-universidades-del-Cusco\"><strong>20 y 21 DE JUNIO:<\/strong> Desfile de danzas de las universidades del Cusco<\/a><\/li>\n\n\n\n<li><a href=\"#22-DE-JUNIO:-Desfile-de-las-13-provincias-Saludo-al-Cusco\"><strong>22 DE JUNIO:<\/strong> Desfile de las 13 provincias &#8211; Saludo al Cusco<\/a><\/li>\n\n\n\n<li><a href=\"#24-DE-JUNIO-D\u00cdA-DEL-CUSCO:-Ceremonia-del-Inti-Raymi\"><strong>24 DE JUNIO D\u00cdA DEL CUSCO:<\/strong> Ceremonia del Inti Raymi<\/a><\/li>\n<\/ul>\n\n\n\n<h2 class=\"wp-block-heading\" id=\"1-DE-JUNIO:-Ofrenda-a-la-Pachamama\">1 DE JUNIO: Ofrenda a la Pachamama<\/h2>\n\n\n\n<div class=\"wp-block-columns is-layout-flex wp-container-core-columns-is-layout-9d6595d7 wp-block-columns-is-layout-flex\">\n<div class=\"wp-block-column is-vertically-aligned-center is-layout-flow wp-block-column-is-layout-flow\"><div class=\"wp-block-image\">\n<figure class=\"aligncenter size-full is-resized\"><img loading=\"lazy\" decoding=\"async\" src=\"https:\/\/www.caminosalkantay.com\/blog\/wp-content\/uploads\/2023\/06\/Ofrenda-a-la-Pachamama.jpg\" alt=\"Ofrenda a la Pachamama\" class=\"wp-image-347\" width=\"834\" height=\"542\"\/><figcaption class=\"wp-element-caption\">Ofrenda a la Pachamama<\/figcaption><\/figure>\n<\/div><\/div>\n<\/div>\n\n\n\n<p>El inicio oficial de las Fiestas del Cusco 2023 se marca con una tradicional ceremonia conocida como \u00abOfrenda a la Pachamama\u00bb. Las autoridades, ciudadanos y visitantes se unen para rendir homenaje a la madre tierra, ofreciendo diversos productos y expresando su gratitud por la abundancia y protecci\u00f3n. El acto ceremonial es presidido por sacerdotes andinos, llamados \u00abYachayniyoq\u00bb, quienes se postran frente al \u00abushnu\u00bb o centro ceremonial ubicado en el coraz\u00f3n de la Plaza Mayor del Cusco. Durante este evento, las principales autoridades agradecen a la Pachamama y solicitan buenos augurios para el mes jubilar de nuestra tierra.<\/p>\n\n\n\n<h2 class=\"wp-block-heading\" id=\"3-DE-JUNIO:-Ceremonia-de-lanzamiento-de-las-festividades-del-Patr\u00f3n-San-Crist\u00f3bal-2023\">3 DE JUNIO: Ceremonia de lanzamiento de las festividades del Patr\u00f3n San Crist\u00f3bal 2023<\/h2>\n\n\n\n<p>El barrio tradicional de San Crist\u00f3bal se une para celebrar la ceremonia de lanzamiento de las festividades en honor a su patr\u00f3n, San Crist\u00f3bal. Este evento marca oficialmente el inicio de las celebraciones y se caracteriza por la presencia de danzas, cantos, m\u00fasica y una profunda devoci\u00f3n religiosa. La ceremonia se llevar\u00e1 a cabo en la plazoleta del barrio tradicional. Antiguamente conocido como Qolqampata, el barrio de San Crist\u00f3bal posee una destacada riqueza arquitect\u00f3nica.<\/p>\n\n\n\n<h2 class=\"wp-block-heading\" id=\"6-DE-JUNIO:-Peregrinaci\u00f3n-al-Santuario-del-Se\u00f1or-de-Qoyllur-Rit'i\">6 DE JUNIO: Peregrinaci\u00f3n al Santuario del Se\u00f1or de Qoyllur Rit&#8217;i<\/h2>\n\n\n\n<div class=\"wp-block-columns is-layout-flex wp-container-core-columns-is-layout-9d6595d7 wp-block-columns-is-layout-flex\">\n<div class=\"wp-block-column is-layout-flow wp-block-column-is-layout-flow\">\n<figure class=\"wp-block-image size-full\"><img loading=\"lazy\" decoding=\"async\" width=\"800\" height=\"1000\" src=\"https:\/\/www.caminosalkantay.com\/blog\/wp-content\/uploads\/2023\/06\/Senor-de-Qoyllur-Riti.jpg\" alt=\"Se\u00f1or de Qoyllur Rit'i\" class=\"wp-image-345\"\/><figcaption class=\"wp-element-caption\">Se\u00f1or de Qoyllur Rit&#8217;i<\/figcaption><\/figure>\n<\/div>\n\n\n\n<div class=\"wp-block-column is-layout-flow wp-block-column-is-layout-flow\">\n<figure class=\"wp-block-image size-full\"><img loading=\"lazy\" decoding=\"async\" width=\"800\" height=\"1000\" src=\"https:\/\/www.caminosalkantay.com\/blog\/wp-content\/uploads\/2023\/06\/Peregrinacion-Santuario-Senor-Qoyllur-Riti.jpg\" alt=\"Peregrinaci\u00f3n al Santuario del Se\u00f1or de Qoyllur Rit'i\" class=\"wp-image-346\"\/><figcaption class=\"wp-element-caption\">Peregrinaci\u00f3n al Santuario del Se\u00f1or de Qoyllur Rit&#8217;i<\/figcaption><\/figure>\n<\/div>\n<\/div>\n\n\n\n<p>La peregrinaci\u00f3n al Se\u00f1or de Qoyllur Rit&#8217;i se lleva a cabo entre los meses de mayo y junio y es una de las festividades ind\u00edgenas m\u00e1s grandes de Am\u00e9rica. Miles de personas se congregan en el Valle de Sinakara para dirigirse al Santuario del Se\u00f1or de Qoylluriti, un lugar sagrado ubicado en el nevado Ausangate, a una altitud de 4.700 metros sobre el nivel del mar. Esta regi\u00f3n alcanza temperaturas de hasta -4\u00b0C y se encuentra en el distrito de Ocongate, en la provincia de Quispicanchis.<\/p>\n\n\n\n<p>La peregrinaci\u00f3n cuenta con la participaci\u00f3n de aproximadamente 10.000 personas provenientes de diferentes localidades del Cusco, divididas en 8 naciones que representan a sus pueblos de origen: Paucartambo, Quispicanchi, Canchis, Acomayo, Paruro, Tawantinsuyo, Anta y Urubamba. Durante el evento, se realizan procesiones con cruces, se lanzan fuegos artificiales, y se disfruta de m\u00fasica y danzas que ascienden hasta la cumbre nevada de la monta\u00f1a.<\/p>\n\n\n\n<p>Durante esta jornada, la fe y la devoci\u00f3n se entrelazan con la energ\u00eda de los danzantes y m\u00fasicos que acompa\u00f1an la procesi\u00f3n. La peregrinaci\u00f3n abarca una gran variedad de expresiones culturales, en las que participan diferentes grupos de bailarines como los Chauchos, Qollas, Ukukus y pablitos o pabluchas, quienes simbolizan a diferentes personajes m\u00edticos. Este ritual de peregrinaci\u00f3n est\u00e1 asociado con la fertilidad de la tierra, la adoraci\u00f3n de los Apus y tiene como s\u00edmbolo externo la imagen de Cristo.<\/p>\n\n\n\n<h2 class=\"wp-block-heading\" id=\"6-DE-JUNIO:-Gran-corso-&quot;El-encuentro-de-los-Mundos&quot;\">6 DE JUNIO: Gran corso \u00abEl encuentro de los Mundos\u00bb<\/h2>\n\n\n\n<div class=\"wp-block-columns is-layout-flex wp-container-core-columns-is-layout-9d6595d7 wp-block-columns-is-layout-flex\">\n<div class=\"wp-block-column is-layout-flow wp-block-column-is-layout-flow\"><div class=\"wp-block-image\">\n<figure class=\"aligncenter size-full\"><img loading=\"lazy\" decoding=\"async\" width=\"1000\" height=\"563\" src=\"https:\/\/www.caminosalkantay.com\/blog\/wp-content\/uploads\/2023\/06\/Transformers-Cusco-Peru.jpg\" alt=\"Transformers llega a Cusco, Per\u00fa\" class=\"wp-image-325\"\/><figcaption class=\"wp-element-caption\">Transformers llega a Cusco, Per\u00fa<\/figcaption><\/figure>\n<\/div><\/div>\n<\/div>\n\n\n\n<p>El martes 6 de junio, prep\u00e1rate para presenciar un espect\u00e1culo deslumbrante en el Gran corso \u00abEl encuentro de los Mundos\u00bb, donde diferentes expresiones art\u00edsticas se fusionan. Como parte de las festividades, el Cusco se transforma en un escenario m\u00e1gico donde los Transformers cobran vida. Podr\u00e1s maravillarte con los ic\u00f3nicos veh\u00edculos de esta saga cinematogr\u00e1fica mientras recorren las calles de la ciudad. Este espect\u00e1culo combina la fantas\u00eda con la tradici\u00f3n cusque\u00f1a, creando una experiencia \u00fanica.<\/p>\n\n\n\n<h2 class=\"wp-block-heading\" id=\"7-DE-JUNIO:-Festival-Gastron\u00f3mico-del-Chiriuchu\">7 DE JUNIO: Festival Gastron\u00f3mico del Chiriuchu<\/h2>\n\n\n\n<div class=\"wp-block-columns is-layout-flex wp-container-core-columns-is-layout-9d6595d7 wp-block-columns-is-layout-flex\">\n<div class=\"wp-block-column is-layout-flow wp-block-column-is-layout-flow\"><div class=\"wp-block-image\">\n<figure class=\"aligncenter size-full\"><img loading=\"lazy\" decoding=\"async\" width=\"800\" height=\"1000\" src=\"https:\/\/www.caminosalkantay.com\/blog\/wp-content\/uploads\/2023\/06\/Festival-Gastronomico-del-Chiriuchu.jpg\" alt=\"Festival Gastron\u00f3mico del Chiriuchu\" class=\"wp-image-348\"\/><figcaption class=\"wp-element-caption\">Festival Gastron\u00f3mico del Chiriuchu<\/figcaption><\/figure>\n<\/div><\/div>\n<\/div>\n\n\n\n<p>No puedes perderte la oportunidad de probar el Chiriuchu, el plato emblem\u00e1tico de las Fiestas del Cusco, que se ofrece en la Plaza San Francisco a partir de las 9:00 horas. Este delicioso plato tiene sus ra\u00edces en la \u00e9poca de los incas y la colonia. El t\u00e9rmino \u00abchiri\u00bb significa fr\u00edo y \u00abuchu\u00bb se refiere al aj\u00ed. El Chiriuchu est\u00e1 compuesto por ingredientes como cuy al horno, ch&#8217;arki, gallina sancochada, acompa\u00f1ados de torreja de harina, ma\u00edz tostado, queso, morcilla, cochayuyo, algas, chorizo y hueveras de pescado y rocoto. Es una verdadera delicia culinaria que no puedes dejar de probar durante las festividades.<\/p>\n\n\n\n<h2 class=\"wp-block-heading\" id=\"-8-DE-JUNIO:-Tradicional-procesion-del-Corpus-Christi-Cusque\u00f1o\">8 DE JUNIO: Tradicional Procesi\u00f3n del Corpus Christi Cusque\u00f1o<\/h2>\n\n\n\n<div class=\"wp-block-columns is-layout-flex wp-container-core-columns-is-layout-9d6595d7 wp-block-columns-is-layout-flex\">\n<div class=\"wp-block-column is-layout-flow wp-block-column-is-layout-flow\"><div class=\"wp-block-image\">\n<figure class=\"aligncenter size-full\"><img loading=\"lazy\" decoding=\"async\" width=\"800\" height=\"1000\" src=\"https:\/\/www.caminosalkantay.com\/blog\/wp-content\/uploads\/2023\/06\/San-Cristobal-entrada-Corpus-Christi-Cusqueno.jpg\" alt=\"San Cristobal en la entrada del Corpus Christi Cusque\u00f1o\" class=\"wp-image-349\"\/><figcaption class=\"wp-element-caption\">San Crist\u00f3bal en la entrada del Corpus Christi Cusque\u00f1o<\/figcaption><\/figure>\n<\/div><\/div>\n\n\n\n<div class=\"wp-block-column is-layout-flow wp-block-column-is-layout-flow\"><div class=\"wp-block-image\">\n<figure class=\"aligncenter size-full\"><img loading=\"lazy\" decoding=\"async\" width=\"800\" height=\"1000\" src=\"https:\/\/www.caminosalkantay.com\/blog\/wp-content\/uploads\/2023\/06\/San-Sebastian-entrada-Corpus-Christi-Cusqueno.jpg\" alt=\"San Sebastian en la entrada del Corpus Christi Cusque\u00f1o\" class=\"wp-image-350\"\/><figcaption class=\"wp-element-caption\">San Sebasti\u00e1n en la procesi\u00f3n del Corpus Christi Cusque\u00f1o<\/figcaption><\/figure>\n<\/div><\/div>\n<\/div>\n\n\n\n<p>Vive la tradici\u00f3n del Corpus Christi en el Cusco con la impresionante entrada de quince santos y v\u00edrgenes. Estos venerados \u00edconos religiosos llegan de diferentes lugares y se organizan en varias procesiones que culminan en la Catedral del Cusco, donde rinden homenaje al Cuerpo de Cristo. Las im\u00e1genes de los santos patronos est\u00e1n magn\u00edficamente adornadas con joyas, flores y metales preciosos, luciendo trajes nuevos cada a\u00f1o. Cada santo es acompa\u00f1ado por sus mayordomos, m\u00fasicos y danzantes, creando un espect\u00e1culo de culto y devoci\u00f3n.<\/p>\n\n\n\n<p>El origen del Corpus Christi cusque\u00f1o se remonta a la \u00e9poca de los Incas, quienes sol\u00edan sacar en procesi\u00f3n a las momias de sus altos soberanos antes de la fiesta del <a href=\"https:\/\/www.caminosalkantay.com\/blog\/inti-raymi-la-fiesta-mayor-del-cusco\/\"><strong>Inti Raymi<\/strong><\/a>. Sin embargo, los espa\u00f1oles, impresionados por lo que presenciaban, aprovecharon esta festividad en su proceso de evangelizaci\u00f3n. As\u00ed, en 1572, reemplazaron la procesi\u00f3n de las momias con la procesi\u00f3n de los quince santos y v\u00edrgenes.\u00a0\u00a0\u00a0\u00a0\u00a0\u00a0\u00a0\u00a0\u00a0\u00a0\u00a0\u00a0\u00a0\u00a0\u00a0\u00a0\u00a0\u00a0\u00a0\u00a0\u00a0\u00a0\u00a0\u00a0\u00a0\u00a0\u00a0\u00a0\u00a0\u00a0\u00a0<\/p>\n\n\n\n<p>Durante estas festividades, podr\u00e1s disfrutar de la majestuosidad de las danzas t\u00edpicas, los elaborados trajes y las expresiones de fe que llenan las calles de la ciudad imperial. Es una oportunidad \u00fanica para admirar la devoci\u00f3n y el fervor de los cusque\u00f1os. No te pierdas la oportunidad de sumergirte en esta celebraci\u00f3n llena de tradici\u00f3n y espiritualidad.<\/p>\n\n\n\n<h2 class=\"wp-block-heading\" id=\"8-y-11-DE-JUNIO:-Inicio-del-ritual-de-renovaci\u00f3n-anual,-tendido-del-puente-de-Q'eswachaka-y-festival-folkl\u00f3rico\">8 y 11 DE JUNIO: Inicio del ritual de renovaci\u00f3n anual, tendido del puente de Q&#8217;eswachaka y festival folkl\u00f3rico<\/h2>\n\n\n\n<div class=\"wp-block-columns is-layout-flex wp-container-core-columns-is-layout-9d6595d7 wp-block-columns-is-layout-flex\">\n<div class=\"wp-block-column is-layout-flow wp-block-column-is-layout-flow\"><div class=\"wp-block-image\">\n<figure class=\"aligncenter size-full\"><img loading=\"lazy\" decoding=\"async\" width=\"800\" height=\"1000\" src=\"https:\/\/www.caminosalkantay.com\/blog\/wp-content\/uploads\/2023\/06\/Tendido-del-puente-de-Qeswachaka.jpg\" alt=\"Tendido del puente de Q'eswachaka\" class=\"wp-image-351\"\/><figcaption class=\"wp-element-caption\">Tendido del puente de Q&#8217;eswachaka<\/figcaption><\/figure>\n<\/div><\/div>\n\n\n\n<div class=\"wp-block-column is-layout-flow wp-block-column-is-layout-flow\"><div class=\"wp-block-image\">\n<figure class=\"aligncenter size-full\"><img loading=\"lazy\" decoding=\"async\" width=\"800\" height=\"1000\" src=\"https:\/\/www.caminosalkantay.com\/blog\/wp-content\/uploads\/2023\/06\/Construyendo-puente-Qeswachaka.jpg\" alt=\"Construyendo el puente de Q'eswachaka\" class=\"wp-image-352\"\/><figcaption class=\"wp-element-caption\">Construyendo el puente de Q&#8217;eswachaka<\/figcaption><\/figure>\n<\/div><\/div>\n<\/div>\n\n\n\n<div class=\"wp-block-columns is-layout-flex wp-container-core-columns-is-layout-9d6595d7 wp-block-columns-is-layout-flex\">\n<div class=\"wp-block-column is-layout-flow wp-block-column-is-layout-flow\"><div class=\"wp-block-image\">\n<figure class=\"aligncenter size-full\"><img loading=\"lazy\" decoding=\"async\" width=\"1000\" height=\"651\" src=\"https:\/\/www.caminosalkantay.com\/blog\/wp-content\/uploads\/2023\/06\/Puente-Qeswachaka.jpg\" alt=\"Puente de Q'eswachaka\" class=\"wp-image-353\"\/><figcaption class=\"wp-element-caption\">Puente de Q&#8217;eswachaka<\/figcaption><\/figure>\n<\/div><\/div>\n<\/div>\n\n\n\n<p>En el impresionante paisaje del R\u00edo Apur\u00edmac, a una altitud de 3,700 metros sobre el nivel del mar, se encuentra el hist\u00f3rico puente de <strong><a href=\"https:\/\/www.caminosalkantay.com\/tradicional\/tours-1-dia-cusco\/puente-inca-qeswachaka-tour\/\">Q&#8217;eswachaka<\/a><\/strong>, un valioso legado inca que ha perdurado durante m\u00e1s de seis siglos. Esta imponente obra de ingenier\u00eda, de 30 metros de longitud, est\u00e1 construida con paja y piedra. El festival de renovaci\u00f3n del puente se celebra en el distrito de Quehue.<\/p>\n\n\n\n<p>Durante este evento, los comuneros se re\u00fanen para desmontar el puente construido el a\u00f1o anterior, mientras que las mujeres y los ni\u00f1os recolectan la paja o \u00abichu\u00bb para elaborar las bases del nuevo puente. Durante cuatro d\u00edas, se lleva a cabo una ceremonia ritual en la que se vuelve a tejer el puente. La finalizaci\u00f3n de este proceso se celebra con comida y bailes tradicionales, en un festival folkl\u00f3rico lleno de alegr\u00eda y tradici\u00f3n.<\/p>\n\n\n\n<p>Es un espect\u00e1culo impresionante presenciar c\u00f3mo se perpet\u00faa esta ancestral tradici\u00f3n, que combina habilidades ingenieriles, trabajo comunitario y una profunda conexi\u00f3n con la historia. El tendido del puente de Q&#8217;eswachaka es una experiencia \u00fanica que te sumerge en la grandeza y el legado cultural de la regi\u00f3n cusque\u00f1a.<\/p>\n\n\n\n<h2 class=\"wp-block-heading\" id=\"10-DE-JUNIO:-Lanzamiento-de-la-festividad-de-la-Virgen-del-Carmen-de-Paucartambo\">10 DE JUNIO: Lanzamiento de la festividad de la Virgen del Carmen de Paucartambo<\/h2>\n\n\n\n<p>La Plaza Mayor del Cusco se embellece para dar inicio a la festividad de la Virgen del Carmen de Paucartambo. Sum\u00e9rgete en una celebraci\u00f3n llena de colores vibrantes, danzas fascinantes, m\u00fasica tradicional y manifestaciones art\u00edsticas. Esta festividad se lleva a cabo cada a\u00f1o los d\u00edas 15, 16 y 17 de julio en Paucartambo, y cuenta con la participaci\u00f3n de diversas comparsas de danzas como Capac Qolla, Capac Chunchu, Capac Negro, Contradanza, Chunchus, entre otras.<\/p>\n\n\n\n<p>Es una oportunidad \u00fanica para sumergirte en la riqueza cultural y tradicional de la regi\u00f3n. Disfruta del esplendor de las danzas, los trajes elaborados y la energ\u00eda contagiosa que llena el ambiente. La festividad de la Virgen del Carmen de Paucartambo es un evento inolvidable que te permite apreciar la diversidad y la belleza de las expresiones art\u00edsticas cusque\u00f1as. No te lo puedes perder.<\/p>\n\n\n\n<h2 class=\"wp-block-heading\" id=\"10-DE-JUNIO:-Saludo-del-Per\u00fa-al-Qosqo-en-su-d\u00eda\">10 DE JUNIO: Saludo del Per\u00fa al Qosqo en su d\u00eda<\/h2>\n\n\n\n<p>En honor al Cusco, se unen diversas manifestaciones art\u00edsticas y danzas en un emotivo saludo proveniente de todo el pa\u00eds. Este es un momento especial en el que se reconoce y celebra la rica historia y cultura del Cusco. Es un tributo significativo que destaca la importancia de esta regi\u00f3n y su legado cultural, uniendo a las personas en una muestra de respeto y aprecio por sus tradiciones.<\/p>\n\n\n\n<h2 class=\"wp-block-heading\" id=\"09,12,13-y-14-DE-JUNIO:-Desfiles-de-danzas-t\u00edpicas-del-Cusco\">09,12,13 y 14 DE JUNIO: Desfiles de danzas t\u00edpicas del Cusco<\/h2>\n\n\n\n<div class=\"wp-block-columns is-layout-flex wp-container-core-columns-is-layout-9d6595d7 wp-block-columns-is-layout-flex\">\n<div class=\"wp-block-column is-layout-flow wp-block-column-is-layout-flow\"><div class=\"wp-block-image\">\n<figure class=\"aligncenter size-full\"><img loading=\"lazy\" decoding=\"async\" width=\"800\" height=\"1000\" src=\"https:\/\/www.caminosalkantay.com\/blog\/wp-content\/uploads\/2023\/06\/Desfiles-danzas-tipicas-Cusco.jpg\" alt=\"Desfiles de danzas t\u00edpicas en Cusco\" class=\"wp-image-355\"\/><figcaption class=\"wp-element-caption\">Desfiles de danzas t\u00edpicas en Cusco<\/figcaption><\/figure>\n<\/div><\/div>\n\n\n\n<div class=\"wp-block-column is-layout-flow wp-block-column-is-layout-flow\"><div class=\"wp-block-image\">\n<figure class=\"aligncenter size-full\"><img loading=\"lazy\" decoding=\"async\" width=\"800\" height=\"1000\" src=\"https:\/\/www.caminosalkantay.com\/blog\/wp-content\/uploads\/2023\/06\/Desfiles-danzas-tipicas.jpg\" alt=\"Desfiles de danzas t\u00edpicas\" class=\"wp-image-356\"\/><figcaption class=\"wp-element-caption\">Desfiles de danzas t\u00edpicas<\/figcaption><\/figure>\n<\/div><\/div>\n<\/div>\n\n\n\n<p>Las instituciones educativas del Cusco, desde nivel inicial hasta superior, se unen en un emotivo homenaje a la ciudad imperial a trav\u00e9s de un desfile de danzas t\u00edpicas de la regi\u00f3n en la Plaza Mayor del Cusco, a partir de las 9:00 horas. Este desfile es una muestra de admiraci\u00f3n y orgullo cultural, donde los estudiantes exhiben su talento y dan vida a los ritmos tradicionales del Cusco.<\/p>\n\n\n\n<p>Durante este evento, podr\u00e1s maravillarte con las coloridas vestimentas que adornan a los participantes y sumergirte en los ritmos contagiosos que llenan el ambiente. Es un momento especial donde se aprecia el esfuerzo y dedicaci\u00f3n de los estudiantes por preservar y difundir las tradiciones culturales de la regi\u00f3n.<\/p>\n\n\n\n<p>No te pierdas esta oportunidad \u00fanica de presenciar el talento, el entusiasmo y el orgullo cultural de los j\u00f3venes cusque\u00f1os mientras celebran la grandeza de su ciudad imperial.<\/p>\n\n\n\n<h2 class=\"wp-block-heading\" id=\"15-DE-JUNIO:--Octava-de-la-Festividad-del-Corpus-Christi-cusque\u00f1o\">15 DE JUNIO:&nbsp; Octava de la Festividad del Corpus Christi cusque\u00f1o<\/h2>\n\n\n\n<div class=\"wp-block-columns is-layout-flex wp-container-core-columns-is-layout-9d6595d7 wp-block-columns-is-layout-flex\">\n<div class=\"wp-block-column is-layout-flow wp-block-column-is-layout-flow\"><div class=\"wp-block-image\">\n<figure class=\"aligncenter size-full\"><img loading=\"lazy\" decoding=\"async\" width=\"1000\" height=\"651\" src=\"https:\/\/www.caminosalkantay.com\/blog\/wp-content\/uploads\/2023\/06\/Octava-Festividad-Corpus-Christi-cusqueno.jpg\" alt=\"Octava de la Festividad del Corpus Christi cusque\u00f1o\" class=\"wp-image-369\"\/><figcaption class=\"wp-element-caption\">Octava de la Festividad del Corpus Christi cusque\u00f1o<\/figcaption><\/figure>\n<\/div><\/div>\n<\/div>\n\n\n\n<p>La celebraci\u00f3n del Corpus Christi se prolonga durante la octava, en la cual las im\u00e1genes de los santos patrones regresan en procesi\u00f3n a sus respectivas parroquias. Adem\u00e1s, en la Plaza San Francisco se llevar\u00e1 a cabo el Festival Gastron\u00f3mico del Chiriuchu como parte de las festividades de la octava del Corpus Christi. Este evento brinda una oportunidad adicional para sumergirse en la riqueza cultural de la ciudad y disfrutar de su exquisita gastronom\u00eda.<\/p>\n\n\n\n<h2 class=\"wp-block-heading\" id=\"17-DE-JUNIO:-Luces-y-Sonido-en-la-Plaza-Mayor-del-Cusco\">17 DE JUNIO: Luces y Sonido en la Plaza Mayor del Cusco<\/h2>\n\n\n\n<div class=\"wp-block-columns is-layout-flex wp-container-core-columns-is-layout-9d6595d7 wp-block-columns-is-layout-flex\">\n<div class=\"wp-block-column is-layout-flow wp-block-column-is-layout-flow\"><div class=\"wp-block-image\">\n<figure class=\"aligncenter size-large\"><img loading=\"lazy\" decoding=\"async\" width=\"819\" height=\"1024\" src=\"https:\/\/www.caminosalkantay.com\/blog\/wp-content\/uploads\/2023\/06\/Noche-Luces-Sonido-Plaza-Mayor-Cusco-819x1024.jpg\" alt=\"Noche de Luces y Sonido en la Plaza Mayor del Cusco | @intiwatana_hoteles\" class=\"wp-image-357\"\/><figcaption class=\"wp-element-caption\">Noche de Luces y Sonido en la Plaza Mayor del Cusco | @intiwatana_hoteles<\/figcaption><\/figure>\n<\/div><\/div>\n<\/div>\n\n\n\n<p>El s\u00e1bado 17 de junio, la Plaza Mayor del Cusco se iluminar\u00e1 con un deslumbrante espect\u00e1culo de luces y sonido que te dejar\u00e1 sin aliento. Disfruta de una experiencia multisensorial inolvidable mientras te sumerges en un ambiente m\u00e1gico y festivo. D\u00e9jate cautivar por la combinaci\u00f3n de luces brillantes y efectos sonoros envolventes que crear\u00e1n una atm\u00f3sfera \u00fanica y emocionante. Es el momento perfecto para deleitarse con esta experiencia visual y sonora que te transportar\u00e1 a un mundo de maravillas y te llenar\u00e1 de asombro. No te pierdas esta oportunidad de vivir un momento verdaderamente extraordinario en la hermosa Plaza Mayor del Cusco.<\/p>\n\n\n\n<h2 class=\"wp-block-heading\" id=\"18-DE-JUNIO:-Desfile-de-alegor\u00edas-gigantes\">18 DE JUNIO: Desfile de alegor\u00edas gigantes<\/h2>\n\n\n\n<div class=\"wp-block-columns is-layout-flex wp-container-core-columns-is-layout-9d6595d7 wp-block-columns-is-layout-flex\">\n<div class=\"wp-block-column is-layout-flow wp-block-column-is-layout-flow\"><div class=\"wp-block-image\">\n<figure class=\"aligncenter size-full\"><img loading=\"lazy\" decoding=\"async\" width=\"800\" height=\"1000\" src=\"https:\/\/www.caminosalkantay.com\/blog\/wp-content\/uploads\/2023\/06\/Desfile-alegorias-gigantes.jpg\" alt=\"Desfile de alegor\u00edas gigantes | @mqrozas\" class=\"wp-image-358\"\/><figcaption class=\"wp-element-caption\">Desfile de alegor\u00edas gigantes | @mqrozas<\/figcaption><\/figure>\n<\/div><\/div>\n\n\n\n<div class=\"wp-block-column is-layout-flow wp-block-column-is-layout-flow\"><div class=\"wp-block-image\">\n<figure class=\"aligncenter size-full\"><img loading=\"lazy\" decoding=\"async\" width=\"800\" height=\"1000\" src=\"https:\/\/www.caminosalkantay.com\/blog\/wp-content\/uploads\/2023\/06\/Desfile-de-alegorias-gigantes-@patrisaav.jpg\" alt=\"Desfile de alegor\u00edas gigantes | @patrisaav\" class=\"wp-image-359\"\/><figcaption class=\"wp-element-caption\">Desfile de alegor\u00edas gigantes | @patrisaav<\/figcaption><\/figure>\n<\/div><\/div>\n<\/div>\n\n\n\n<p>D\u00e9jate sorprender por la creatividad y el ingenio en el desfile de alegor\u00edas gigantes presentado por la Universidad de Bellas Artes Diego Quispe Ttito como parte de su homenaje a la ciudad imperial del Cusco. Este desfile es esperado con gran expectativa tanto por los cusque\u00f1os como por los visitantes, debido a la destacada labor que la universidad realiza en el \u00e1mbito de la cultura y el arte.<\/p>\n\n\n\n<p>Estas impresionantes obras de arte m\u00f3viles te transportar\u00e1n a un mundo de fantas\u00eda y admiraci\u00f3n. Cada alegor\u00eda es una manifestaci\u00f3n de talento y pasi\u00f3n, representando historias, s\u00edmbolos y elementos propios de la rica tradici\u00f3n cusque\u00f1a. Es una experiencia \u00fanica donde podr\u00e1s apreciar el resultado de la dedicaci\u00f3n y el esfuerzo de los estudiantes y artistas de la Universidad de Bellas Artes Diego Quispe Ttito.<\/p>\n\n\n\n<p>No te pierdas la oportunidad de maravillarte con este desfile lleno de color, movimiento y expresi\u00f3n art\u00edstica, que celebra y enaltece la cultura del Cusco. Ser\u00e1 un momento para disfrutar y admirar el talento de los artistas y la belleza de las alegor\u00edas gigantes que desfilar\u00e1n por las calles de la ciudad imperial.<\/p>\n\n\n\n<h2 class=\"wp-block-heading\" id=\"20-y-21-DE-JUNIO:-Desfile-de-danzas-de-las-universidades-del-Cusco\">20 y 21 DE JUNIO: Desfile de danzas de las universidades del Cusco<\/h2>\n\n\n\n<div class=\"wp-block-columns is-layout-flex wp-container-core-columns-is-layout-9d6595d7 wp-block-columns-is-layout-flex\">\n<div class=\"wp-block-column is-layout-flow wp-block-column-is-layout-flow\"><div class=\"wp-block-image\">\n<figure class=\"aligncenter size-full\"><img loading=\"lazy\" decoding=\"async\" width=\"1000\" height=\"651\" src=\"https:\/\/www.caminosalkantay.com\/blog\/wp-content\/uploads\/2023\/06\/Desfile-de-danzas-de-las-universidades-del-Cusco.jpg\" alt=\"Desfile de danzas de las universidades del Cusco\" class=\"wp-image-360\"\/><figcaption class=\"wp-element-caption\">Desfile de danzas de las universidades del Cusco<\/figcaption><\/figure>\n<\/div><\/div>\n<\/div>\n\n\n\n<p>Las universidades del Cusco participan en un desfile lleno de danzas t\u00edpicas en honor a la ciudad imperial. El martes 20 de junio, la Universidad Andina del Cusco presentar\u00e1 una destacada exhibici\u00f3n cultural y art\u00edstica de danzas tradicionales. Por su parte, el mi\u00e9rcoles 21 de junio, la Universidad Nacional de San Antonio Abad del Cusco realizar\u00e1 su propio desfile de saludo, en el cual participar\u00e1n m\u00fasicos y bailarines de todas sus facultades y filiales, quienes destacan por su compromiso en la preservaci\u00f3n de la identidad cusque\u00f1a y por su magn\u00edfica representaci\u00f3n de las expresiones culturales de la regi\u00f3n.<\/p>\n\n\n\n<p>Este desfile es una oportunidad para apreciar el talento y la dedicaci\u00f3n de los estudiantes y profesionales de las universidades, quienes, a trav\u00e9s de la danza y la m\u00fasica, honran y enaltecen las tradiciones del Cusco. Cada paso y cada nota musical son un testimonio del profundo amor y respeto hacia la rica herencia cultural de la ciudad imperial.<\/p>\n\n\n\n<p>No te pierdas esta magn\u00edfica muestra de danzas t\u00edpicas y m\u00fasica aut\u00f3ctona que reflejan la esencia del Cusco y su identidad. Ser\u00e1 un espect\u00e1culo fascinante y emocionante que te permitir\u00e1 sumergirte en la magia de la cultura cusque\u00f1a y valorar el compromiso de las universidades en su preservaci\u00f3n.<\/p>\n\n\n\n<h2 class=\"wp-block-heading\" id=\"22-DE-JUNIO:-Desfile-de-las-13-provincias-Saludo-al-Cusco\">22 DE JUNIO: Desfile de las 13 provincias &#8211; Saludo al Cusco<\/h2>\n\n\n\n<div class=\"wp-block-columns is-layout-flex wp-container-core-columns-is-layout-9d6595d7 wp-block-columns-is-layout-flex\">\n<div class=\"wp-block-column is-layout-flow wp-block-column-is-layout-flow\"><div class=\"wp-block-image\">\n<figure class=\"aligncenter size-full\"><img loading=\"lazy\" decoding=\"async\" width=\"1000\" height=\"651\" src=\"https:\/\/www.caminosalkantay.com\/blog\/wp-content\/uploads\/2023\/06\/Desfile-13-provincias-Saludo-Cusco.jpg\" alt=\"Desfile de las 13 provincias - Saludo al Cusco\" class=\"wp-image-361\"\/><figcaption class=\"wp-element-caption\">Desfile de las 13 provincias &#8211; Saludo al Cusco<\/figcaption><\/figure>\n<\/div><\/div>\n<\/div>\n\n\n\n<p>En un acontecimiento sin precedentes, las 13 provincias del Cusco se congregan en un desfile que tiene lugar en la Plaza Mayor. Cada provincia exhibe su singularidad y riqueza cultural a trav\u00e9s de danzas, m\u00fasica y trajes tradicionales. Esta ocasi\u00f3n especial brinda una oportunidad \u00fanica para apreciar la diversidad que distingue al Cusco y su patrimonio cultural.<\/p>\n\n\n\n<p>El desfile se convierte en un escenario vibrante donde las diferentes provincias del Cusco se unen para mostrar sus tradiciones y expresiones art\u00edsticas \u00fanicas. Las danzas t\u00edpicas, acompa\u00f1adas de melod\u00edas aut\u00f3ctonas, llenan el ambiente de energ\u00eda y emoci\u00f3n, mientras que los trajes tradicionales resaltan la identidad cultural de cada provincia.<\/p>\n\n\n\n<p>Es un evento que celebra la diversidad y la unidad del Cusco, permitiendo a los asistentes sumergirse en una experiencia cultural enriquecedora. Al presenciar este desfile, se tiene la oportunidad de apreciar la grandeza de la historia y las tradiciones vivas de cada provincia, as\u00ed como la pasi\u00f3n y el orgullo que los cusque\u00f1os sienten por su tierra.<\/p>\n\n\n\n<p>No te pierdas esta oportunidad \u00fanica de presenciar un desfile que muestra la esencia y la riqueza cultural del Cusco en toda su magnificencia. Ser\u00e1 un evento inolvidable que te permitir\u00e1 valorar y admirar la diversidad que caracteriza a esta regi\u00f3n \u00fanica en el mundo.<\/p>\n\n\n\n<h2 class=\"wp-block-heading\" id=\"24-DE-JUNIO-D\u00cdA-DEL-CUSCO:-Ceremonia-del-Inti-Raymi\">24 DE JUNIO D\u00cdA DEL CUSCO: Ceremonia del Inti Raymi<\/h2>\n\n\n\n<div class=\"wp-block-columns is-layout-flex wp-container-core-columns-is-layout-9d6595d7 wp-block-columns-is-layout-flex\">\n<div class=\"wp-block-column is-layout-flow wp-block-column-is-layout-flow\">\n<figure class=\"wp-block-image size-full\"><img loading=\"lazy\" decoding=\"async\" width=\"800\" height=\"1000\" src=\"https:\/\/www.caminosalkantay.com\/blog\/wp-content\/uploads\/2023\/06\/Ceremonia-del-Inti-Raymi.jpg\" alt=\"Ceremonia del Inti Raymi\" class=\"wp-image-363\"\/><figcaption class=\"wp-element-caption\">Ceremonia del Inti Raymi<\/figcaption><\/figure>\n<\/div>\n\n\n\n<div class=\"wp-block-column is-layout-flow wp-block-column-is-layout-flow\">\n<figure class=\"wp-block-image size-full\"><img loading=\"lazy\" decoding=\"async\" width=\"800\" height=\"1000\" src=\"https:\/\/www.caminosalkantay.com\/blog\/wp-content\/uploads\/2023\/06\/Inti-Raymi-en-Saqsaywaman.jpg\" alt=\"Inti Raymi en Saqsaywaman\" class=\"wp-image-364\"\/><figcaption class=\"wp-element-caption\">Inti Raymi en Saqsaywaman<\/figcaption><\/figure>\n<\/div>\n<\/div>\n\n\n\n<p>Prep\u00e1rate para sumergirte en una de las celebraciones m\u00e1s emblem\u00e1ticas del Cusco: la Ceremonia del Inti Raymi, que se lleva a cabo cada 24 de junio. Este antiguo ritual incaico es una muestra de homenaje al Dios Sol, conocido como Inti, donde se expresan agradecimientos por sus bendiciones y se renueva el ciclo de la vida.<\/p>\n\n\n\n<div class=\"wp-block-columns is-layout-flex wp-container-core-columns-is-layout-9d6595d7 wp-block-columns-is-layout-flex\">\n<div class=\"wp-block-column is-layout-flow wp-block-column-is-layout-flow\"><div class=\"wp-block-image\">\n<figure class=\"aligncenter size-full\"><img loading=\"lazy\" decoding=\"async\" width=\"1000\" height=\"651\" src=\"https:\/\/www.caminosalkantay.com\/blog\/wp-content\/uploads\/2023\/06\/Inti-Raymi-Plaza-Mayor-Cusco.jpg\" alt=\"Inti Raymi en la Plaza Mayor Cusco\" class=\"wp-image-365\"\/><figcaption class=\"wp-element-caption\">Inti Raymi en la Plaza Mayor Cusco<\/figcaption><\/figure>\n<\/div><\/div>\n<\/div>\n\n\n\n<p>La ceremonia comienza con la primera escenificaci\u00f3n en el Templo Qorikancha, denominada \u00abSaludo al Sol\u00bb, donde se realizan ceremonias de apertura. Posteriormente, la segunda ceremonia, llamada \u00abEncuentro de los tiempos y ceremonia de la hoja de coca\u00bb, tiene lugar en la Plaza Mayor del Cusco. Finalmente, el tercer acto se desarrolla en la explanada de Chukipampa &#8211; Saqsaywaman, donde se lleva a cabo la ceremonia central del Inti Raymi. En esta ocasi\u00f3n, podr\u00e1s presenciar el rito de la chica y el sacrificio simb\u00f3lico de la llama.<\/p>\n\n\n\n<div class=\"wp-block-columns is-layout-flex wp-container-core-columns-is-layout-9d6595d7 wp-block-columns-is-layout-flex\">\n<div class=\"wp-block-column is-layout-flow wp-block-column-is-layout-flow\"><div class=\"wp-block-image\">\n<figure class=\"aligncenter size-full\"><img loading=\"lazy\" decoding=\"async\" width=\"1000\" height=\"651\" src=\"https:\/\/www.caminosalkantay.com\/blog\/wp-content\/uploads\/2023\/06\/el-sacrificio-simbolico-de-la-llama.jpg\" alt=\"El sacrificio simb\u00f3lico de la llama\" class=\"wp-image-362\"\/><figcaption class=\"wp-element-caption\">El sacrificio simb\u00f3lico de la llama<\/figcaption><\/figure>\n<\/div><\/div>\n<\/div>\n\n\n\n<p>Durante estas escenificaciones, ser\u00e1s testigo de un espect\u00e1culo lleno de magia, m\u00fasica y danzas ancestrales que te transportar\u00e1n a los tiempos de los incas y te dejar\u00e1n maravillado. Es una experiencia \u00fanica para sumergirte en la cultura y la espiritualidad incaica, donde podr\u00e1s apreciar la grandeza de esta antigua civilizaci\u00f3n.<\/p>\n\n\n\n<p>Es importante tener en cuenta que las primeras dos escenificaciones son gratuitas, pero se recomienda llegar temprano para asegurarse un lugar. Para la tercera escenificaci\u00f3n, se requiere la compra de boletos electr\u00f3nicos a trav\u00e9s de la p\u00e1gina de EMUFEC.<\/p>\n\n\n\n<p>No pierdas la oportunidad de ser parte de esta ceremonia sagrada y vivir una experiencia inolvidable en el coraz\u00f3n del Cusco.<\/p>\n\n\n\n<p>El Mes Jubilar del Cusco es una ocasi\u00f3n \u00fanica para sumergirse en la historia, la cultura y las tradiciones de la ciudad imperial. Desde las ofrendas a la Pachamama hasta la majestuosidad del Inti Raymi, cada festividad y evento te llevar\u00e1 en un viaje inolvidable a trav\u00e9s de la rica herencia del Cusco. No puedes dejar pasar la oportunidad de vivir la magia de estas celebraciones y descubrir la esencia del Cusco durante su mes jubilar.<br>Si deseas conocer todas las actividades del Mes Jubilar del Cusco, puedes descargar el programa completo de las Fiestas del Cusco 2023 en el siguiente enlace: <a href=\"https:\/\/www.salkantaytrekking.com\/pdf\/649146586-Programa-Inti-Raymi-2023.pdf\" target=\"_blank\" rel=\"noreferrer noopener\"><strong>PDF Inti Raymi 2023<\/strong><\/a><\/p>\n\n\n\n<div class=\"wp-block-columns is-layout-flex wp-container-core-columns-is-layout-9d6595d7 wp-block-columns-is-layout-flex\">\n<div class=\"wp-block-column is-layout-flow wp-block-column-is-layout-flow\"><div class=\"wp-block-image\">\n<figure class=\"aligncenter size-full\"><img loading=\"lazy\" decoding=\"async\" width=\"1000\" height=\"915\" src=\"https:\/\/www.caminosalkantay.com\/blog\/wp-content\/uploads\/2023\/06\/Programa-completo-de-las-Fiestas-del-Cusco-2023.jpg\" alt=\"Programa completo de las Fiestas del Cusco 2023\" class=\"wp-image-366\"\/><figcaption class=\"wp-element-caption\">Programa completo de las Fiestas del Cusco 2023<\/figcaption><\/figure>\n<\/div><\/div>\n<\/div>\n\n\n\n<p><\/p>\n","protected":false},"excerpt":{"rendered":"<p>\u00a1Bienvenidos al mes jubilar del Cusco! En junio, esta tierra ancestral se llena de alegr\u00eda, danza, color, m\u00fasica en honor a su tradici\u00f3n, sus ra\u00edces culturales y su rica historia. En este blog, te invitamos a sumergirte en la magia [&hellip;]<\/p>\n","protected":false},"author":1,"featured_media":367,"comment_status":"open","ping_status":"open","sticky":false,"template":"","format":"standard","meta":{"footnotes":""},"categories":[8,25,26],"tags":[85,82,83,24,27,30,84,81],"class_list":["post-342","post","type-post","status-publish","format-standard","has-post-thumbnail","hentry","category-cusco","category-fiestas","category-fiestas-en-cusco","tag-bellas-artes","tag-chiriuchu","tag-corpus-christi","tag-cusco","tag-fiestas-en-cusco","tag-inti-raymi","tag-qeswachaka","tag-senor-de-qoyllur-riti"],"yoast_head":"<!-- This site is optimized with the Yoast SEO Premium plugin v27.4 (Yoast SEO v27.4) - https:\/\/yoast.com\/product\/yoast-seo-premium-wordpress\/ -->\n<title>Descubre la magia del mes jubilar en el Cusco: Un viaje inolvidable a trav\u00e9s de sus festividades<\/title>\n<meta name=\"description\" content=\"\u00a1Bienvenidos al mes jubilar del Cusco! En junio, esta tierra ancestral se llena de alegr\u00eda, danza, color, m\u00fasica en honor a su tradici\u00f3n.\" \/>\n<meta name=\"robots\" content=\"index, follow, max-snippet:-1, max-image-preview:large, max-video-preview:-1\" \/>\n<link rel=\"canonical\" href=\"https:\/\/www.caminosalkantay.com\/blog\/descubre-magia-mes-jubilar-cusco-viaje-inolvidable-traves-festividades\/\" \/>\n<meta property=\"og:locale\" content=\"es_ES\" \/>\n<meta property=\"og:type\" content=\"article\" \/>\n<meta property=\"og:title\" content=\"Descubre la magia del mes jubilar en el Cusco: Un viaje inolvidable a trav\u00e9s de sus festividades\" \/>\n<meta property=\"og:description\" content=\"\u00a1Bienvenidos al mes jubilar del Cusco! En junio, esta tierra ancestral se llena de alegr\u00eda, danza, color, m\u00fasica en honor a su tradici\u00f3n.\" \/>\n<meta property=\"og:url\" content=\"https:\/\/www.caminosalkantay.com\/blog\/descubre-magia-mes-jubilar-cusco-viaje-inolvidable-traves-festividades\/\" \/>\n<meta property=\"og:site_name\" content=\"Informaci\u00f3n de Viajes a Machu Picchu | Cusco | Per\u00fa\" \/>\n<meta property=\"article:publisher\" content=\"https:\/\/www.facebook.com\/SalkantayTrekking\/\" \/>\n<meta property=\"article:published_time\" content=\"2023-06-01T22:45:15+00:00\" \/>\n<meta property=\"article:modified_time\" content=\"2023-06-05T21:29:12+00:00\" \/>\n<meta property=\"og:image\" content=\"https:\/\/www.caminosalkantay.com\/blog\/wp-content\/uploads\/2023\/06\/Descubre-la-magia-del-mes-jubilar-en-el-Cusco.jpg\" \/>\n\t<meta property=\"og:image:width\" content=\"1920\" \/>\n\t<meta property=\"og:image:height\" content=\"1249\" \/>\n\t<meta property=\"og:image:type\" content=\"image\/jpeg\" \/>\n<meta name=\"author\" content=\"Camino Salkantay\" \/>\n<meta name=\"twitter:card\" content=\"summary_large_image\" \/>\n<meta name=\"twitter:creator\" content=\"@salkantayperu\" \/>\n<meta name=\"twitter:site\" content=\"@salkantayperu\" \/>\n<meta name=\"twitter:label1\" content=\"Escrito por\" \/>\n\t<meta name=\"twitter:data1\" content=\"Camino Salkantay\" \/>\n\t<meta name=\"twitter:label2\" content=\"Tiempo de lectura\" \/>\n\t<meta name=\"twitter:data2\" content=\"19 minutos\" \/>\n<script type=\"application\/ld+json\" class=\"yoast-schema-graph\">{\"@context\":\"https:\\\/\\\/schema.org\",\"@graph\":[{\"@type\":\"Article\",\"@id\":\"https:\\\/\\\/www.caminosalkantay.com\\\/blog\\\/descubre-magia-mes-jubilar-cusco-viaje-inolvidable-traves-festividades\\\/#article\",\"isPartOf\":{\"@id\":\"https:\\\/\\\/www.caminosalkantay.com\\\/blog\\\/descubre-magia-mes-jubilar-cusco-viaje-inolvidable-traves-festividades\\\/\"},\"author\":{\"name\":\"Camino Salkantay\",\"@id\":\"https:\\\/\\\/www.caminosalkantay.com\\\/blog\\\/#\\\/schema\\\/person\\\/53071c800d0ee3cb98d89c6dffbc171f\"},\"headline\":\"Descubre la magia del mes jubilar en el Cusco: Un viaje inolvidable a trav\u00e9s de sus festividades\",\"datePublished\":\"2023-06-01T22:45:15+00:00\",\"dateModified\":\"2023-06-05T21:29:12+00:00\",\"mainEntityOfPage\":{\"@id\":\"https:\\\/\\\/www.caminosalkantay.com\\\/blog\\\/descubre-magia-mes-jubilar-cusco-viaje-inolvidable-traves-festividades\\\/\"},\"wordCount\":3241,\"commentCount\":0,\"publisher\":{\"@id\":\"https:\\\/\\\/www.caminosalkantay.com\\\/blog\\\/#organization\"},\"image\":{\"@id\":\"https:\\\/\\\/www.caminosalkantay.com\\\/blog\\\/descubre-magia-mes-jubilar-cusco-viaje-inolvidable-traves-festividades\\\/#primaryimage\"},\"thumbnailUrl\":\"https:\\\/\\\/www.caminosalkantay.com\\\/blog\\\/wp-content\\\/uploads\\\/2023\\\/06\\\/Descubre-la-magia-del-mes-jubilar-en-el-Cusco.jpg\",\"keywords\":[\"Bellas Artes\",\"Chiriuchu\",\"Corpus Christi\",\"Cusco\",\"Fiestas en Cusco\",\"Inti Raymi\",\"Q&#039;eswachaka\",\"Se\u00f1or de Qoyllur Rit&#039;i\"],\"articleSection\":[\"Cusco\",\"Fiestas\",\"Fiestas en Cusco\"],\"inLanguage\":\"es\",\"potentialAction\":[{\"@type\":\"CommentAction\",\"name\":\"Comment\",\"target\":[\"https:\\\/\\\/www.caminosalkantay.com\\\/blog\\\/descubre-magia-mes-jubilar-cusco-viaje-inolvidable-traves-festividades\\\/#respond\"]}]},{\"@type\":\"WebPage\",\"@id\":\"https:\\\/\\\/www.caminosalkantay.com\\\/blog\\\/descubre-magia-mes-jubilar-cusco-viaje-inolvidable-traves-festividades\\\/\",\"url\":\"https:\\\/\\\/www.caminosalkantay.com\\\/blog\\\/descubre-magia-mes-jubilar-cusco-viaje-inolvidable-traves-festividades\\\/\",\"name\":\"Descubre la magia del mes jubilar en el Cusco: Un viaje inolvidable a trav\u00e9s de sus festividades\",\"isPartOf\":{\"@id\":\"https:\\\/\\\/www.caminosalkantay.com\\\/blog\\\/#website\"},\"primaryImageOfPage\":{\"@id\":\"https:\\\/\\\/www.caminosalkantay.com\\\/blog\\\/descubre-magia-mes-jubilar-cusco-viaje-inolvidable-traves-festividades\\\/#primaryimage\"},\"image\":{\"@id\":\"https:\\\/\\\/www.caminosalkantay.com\\\/blog\\\/descubre-magia-mes-jubilar-cusco-viaje-inolvidable-traves-festividades\\\/#primaryimage\"},\"thumbnailUrl\":\"https:\\\/\\\/www.caminosalkantay.com\\\/blog\\\/wp-content\\\/uploads\\\/2023\\\/06\\\/Descubre-la-magia-del-mes-jubilar-en-el-Cusco.jpg\",\"datePublished\":\"2023-06-01T22:45:15+00:00\",\"dateModified\":\"2023-06-05T21:29:12+00:00\",\"description\":\"\u00a1Bienvenidos al mes jubilar del Cusco! En junio, esta tierra ancestral se llena de alegr\u00eda, danza, color, m\u00fasica en honor a su tradici\u00f3n.\",\"breadcrumb\":{\"@id\":\"https:\\\/\\\/www.caminosalkantay.com\\\/blog\\\/descubre-magia-mes-jubilar-cusco-viaje-inolvidable-traves-festividades\\\/#breadcrumb\"},\"inLanguage\":\"es\",\"potentialAction\":[{\"@type\":\"ReadAction\",\"target\":[\"https:\\\/\\\/www.caminosalkantay.com\\\/blog\\\/descubre-magia-mes-jubilar-cusco-viaje-inolvidable-traves-festividades\\\/\"]}]},{\"@type\":\"ImageObject\",\"inLanguage\":\"es\",\"@id\":\"https:\\\/\\\/www.caminosalkantay.com\\\/blog\\\/descubre-magia-mes-jubilar-cusco-viaje-inolvidable-traves-festividades\\\/#primaryimage\",\"url\":\"https:\\\/\\\/www.caminosalkantay.com\\\/blog\\\/wp-content\\\/uploads\\\/2023\\\/06\\\/Descubre-la-magia-del-mes-jubilar-en-el-Cusco.jpg\",\"contentUrl\":\"https:\\\/\\\/www.caminosalkantay.com\\\/blog\\\/wp-content\\\/uploads\\\/2023\\\/06\\\/Descubre-la-magia-del-mes-jubilar-en-el-Cusco.jpg\",\"width\":1920,\"height\":1249,\"caption\":\"Descubre la magia del mes jubilar en el Cusco\"},{\"@type\":\"BreadcrumbList\",\"@id\":\"https:\\\/\\\/www.caminosalkantay.com\\\/blog\\\/descubre-magia-mes-jubilar-cusco-viaje-inolvidable-traves-festividades\\\/#breadcrumb\",\"itemListElement\":[{\"@type\":\"ListItem\",\"position\":1,\"name\":\"Portada\",\"item\":\"https:\\\/\\\/www.caminosalkantay.com\\\/blog\\\/\"},{\"@type\":\"ListItem\",\"position\":2,\"name\":\"Descubre la magia del mes jubilar en el Cusco: Un viaje inolvidable a trav\u00e9s de sus festividades\"}]},{\"@type\":\"WebSite\",\"@id\":\"https:\\\/\\\/www.caminosalkantay.com\\\/blog\\\/#website\",\"url\":\"https:\\\/\\\/www.caminosalkantay.com\\\/blog\\\/\",\"name\":\"Informaci\u00f3n de Viajes a Machu Picchu | Cusco | Per\u00fa\",\"description\":\"Informaci\u00f3n de Viajes a Machu Picchu | Cusco | Per\u00fa\",\"publisher\":{\"@id\":\"https:\\\/\\\/www.caminosalkantay.com\\\/blog\\\/#organization\"},\"potentialAction\":[{\"@type\":\"SearchAction\",\"target\":{\"@type\":\"EntryPoint\",\"urlTemplate\":\"https:\\\/\\\/www.caminosalkantay.com\\\/blog\\\/?s={search_term_string}\"},\"query-input\":{\"@type\":\"PropertyValueSpecification\",\"valueRequired\":true,\"valueName\":\"search_term_string\"}}],\"inLanguage\":\"es\"},{\"@type\":\"Organization\",\"@id\":\"https:\\\/\\\/www.caminosalkantay.com\\\/blog\\\/#organization\",\"name\":\"Camino Salkantay\",\"url\":\"https:\\\/\\\/www.caminosalkantay.com\\\/blog\\\/\",\"logo\":{\"@type\":\"ImageObject\",\"inLanguage\":\"es\",\"@id\":\"https:\\\/\\\/www.caminosalkantay.com\\\/blog\\\/#\\\/schema\\\/logo\\\/image\\\/\",\"url\":\"https:\\\/\\\/www.caminosalkantay.com\\\/blog\\\/wp-content\\\/uploads\\\/2023\\\/05\\\/salkantaytrekking-logo-300x128-1.png\",\"contentUrl\":\"https:\\\/\\\/www.caminosalkantay.com\\\/blog\\\/wp-content\\\/uploads\\\/2023\\\/05\\\/salkantaytrekking-logo-300x128-1.png\",\"width\":300,\"height\":128,\"caption\":\"Camino Salkantay\"},\"image\":{\"@id\":\"https:\\\/\\\/www.caminosalkantay.com\\\/blog\\\/#\\\/schema\\\/logo\\\/image\\\/\"},\"sameAs\":[\"https:\\\/\\\/www.facebook.com\\\/SalkantayTrekking\\\/\",\"https:\\\/\\\/x.com\\\/salkantayperu\",\"https:\\\/\\\/www.tumblr.com\\\/salkantay-trek\",\"https:\\\/\\\/www.instagram.com\\\/salkantaytrekking\\\/\",\"https:\\\/\\\/www.pinterest.com\\\/salkantaytrekking\\\/\",\"https:\\\/\\\/www.linkedin.com\\\/company\\\/salkantay-trekking\"]},{\"@type\":\"Person\",\"@id\":\"https:\\\/\\\/www.caminosalkantay.com\\\/blog\\\/#\\\/schema\\\/person\\\/53071c800d0ee3cb98d89c6dffbc171f\",\"name\":\"Camino Salkantay\",\"image\":{\"@type\":\"ImageObject\",\"inLanguage\":\"es\",\"@id\":\"https:\\\/\\\/secure.gravatar.com\\\/avatar\\\/b41678a33c57a2bf0032b7c254611fc97caffd94ade0663405b364d1c0177d1d?s=96&d=mm&r=g\",\"url\":\"https:\\\/\\\/secure.gravatar.com\\\/avatar\\\/b41678a33c57a2bf0032b7c254611fc97caffd94ade0663405b364d1c0177d1d?s=96&d=mm&r=g\",\"contentUrl\":\"https:\\\/\\\/secure.gravatar.com\\\/avatar\\\/b41678a33c57a2bf0032b7c254611fc97caffd94ade0663405b364d1c0177d1d?s=96&d=mm&r=g\",\"caption\":\"Camino Salkantay\"},\"sameAs\":[\"https:\\\/\\\/www.caminosalkantay.com\\\/blog\"]}]}<\/script>\n<!-- \/ Yoast SEO Premium plugin. -->","yoast_head_json":{"title":"Descubre la magia del mes jubilar en el Cusco: Un viaje inolvidable a trav\u00e9s de sus festividades","description":"\u00a1Bienvenidos al mes jubilar del Cusco! En junio, esta tierra ancestral se llena de alegr\u00eda, danza, color, m\u00fasica en honor a su tradici\u00f3n.","robots":{"index":"index","follow":"follow","max-snippet":"max-snippet:-1","max-image-preview":"max-image-preview:large","max-video-preview":"max-video-preview:-1"},"canonical":"https:\/\/www.caminosalkantay.com\/blog\/descubre-magia-mes-jubilar-cusco-viaje-inolvidable-traves-festividades\/","og_locale":"es_ES","og_type":"article","og_title":"Descubre la magia del mes jubilar en el Cusco: Un viaje inolvidable a trav\u00e9s de sus festividades","og_description":"\u00a1Bienvenidos al mes jubilar del Cusco! En junio, esta tierra ancestral se llena de alegr\u00eda, danza, color, m\u00fasica en honor a su tradici\u00f3n.","og_url":"https:\/\/www.caminosalkantay.com\/blog\/descubre-magia-mes-jubilar-cusco-viaje-inolvidable-traves-festividades\/","og_site_name":"Informaci\u00f3n de Viajes a Machu Picchu | Cusco | Per\u00fa","article_publisher":"https:\/\/www.facebook.com\/SalkantayTrekking\/","article_published_time":"2023-06-01T22:45:15+00:00","article_modified_time":"2023-06-05T21:29:12+00:00","og_image":[{"width":1920,"height":1249,"url":"https:\/\/www.caminosalkantay.com\/blog\/wp-content\/uploads\/2023\/06\/Descubre-la-magia-del-mes-jubilar-en-el-Cusco.jpg","type":"image\/jpeg"}],"author":"Camino Salkantay","twitter_card":"summary_large_image","twitter_creator":"@salkantayperu","twitter_site":"@salkantayperu","twitter_misc":{"Escrito por":"Camino Salkantay","Tiempo de lectura":"19 minutos"},"schema":{"@context":"https:\/\/schema.org","@graph":[{"@type":"Article","@id":"https:\/\/www.caminosalkantay.com\/blog\/descubre-magia-mes-jubilar-cusco-viaje-inolvidable-traves-festividades\/#article","isPartOf":{"@id":"https:\/\/www.caminosalkantay.com\/blog\/descubre-magia-mes-jubilar-cusco-viaje-inolvidable-traves-festividades\/"},"author":{"name":"Camino Salkantay","@id":"https:\/\/www.caminosalkantay.com\/blog\/#\/schema\/person\/53071c800d0ee3cb98d89c6dffbc171f"},"headline":"Descubre la magia del mes jubilar en el Cusco: Un viaje inolvidable a trav\u00e9s de sus festividades","datePublished":"2023-06-01T22:45:15+00:00","dateModified":"2023-06-05T21:29:12+00:00","mainEntityOfPage":{"@id":"https:\/\/www.caminosalkantay.com\/blog\/descubre-magia-mes-jubilar-cusco-viaje-inolvidable-traves-festividades\/"},"wordCount":3241,"commentCount":0,"publisher":{"@id":"https:\/\/www.caminosalkantay.com\/blog\/#organization"},"image":{"@id":"https:\/\/www.caminosalkantay.com\/blog\/descubre-magia-mes-jubilar-cusco-viaje-inolvidable-traves-festividades\/#primaryimage"},"thumbnailUrl":"https:\/\/www.caminosalkantay.com\/blog\/wp-content\/uploads\/2023\/06\/Descubre-la-magia-del-mes-jubilar-en-el-Cusco.jpg","keywords":["Bellas Artes","Chiriuchu","Corpus Christi","Cusco","Fiestas en Cusco","Inti Raymi","Q&#039;eswachaka","Se\u00f1or de Qoyllur Rit&#039;i"],"articleSection":["Cusco","Fiestas","Fiestas en Cusco"],"inLanguage":"es","potentialAction":[{"@type":"CommentAction","name":"Comment","target":["https:\/\/www.caminosalkantay.com\/blog\/descubre-magia-mes-jubilar-cusco-viaje-inolvidable-traves-festividades\/#respond"]}]},{"@type":"WebPage","@id":"https:\/\/www.caminosalkantay.com\/blog\/descubre-magia-mes-jubilar-cusco-viaje-inolvidable-traves-festividades\/","url":"https:\/\/www.caminosalkantay.com\/blog\/descubre-magia-mes-jubilar-cusco-viaje-inolvidable-traves-festividades\/","name":"Descubre la magia del mes jubilar en el Cusco: Un viaje inolvidable a trav\u00e9s de sus festividades","isPartOf":{"@id":"https:\/\/www.caminosalkantay.com\/blog\/#website"},"primaryImageOfPage":{"@id":"https:\/\/www.caminosalkantay.com\/blog\/descubre-magia-mes-jubilar-cusco-viaje-inolvidable-traves-festividades\/#primaryimage"},"image":{"@id":"https:\/\/www.caminosalkantay.com\/blog\/descubre-magia-mes-jubilar-cusco-viaje-inolvidable-traves-festividades\/#primaryimage"},"thumbnailUrl":"https:\/\/www.caminosalkantay.com\/blog\/wp-content\/uploads\/2023\/06\/Descubre-la-magia-del-mes-jubilar-en-el-Cusco.jpg","datePublished":"2023-06-01T22:45:15+00:00","dateModified":"2023-06-05T21:29:12+00:00","description":"\u00a1Bienvenidos al mes jubilar del Cusco! En junio, esta tierra ancestral se llena de alegr\u00eda, danza, color, m\u00fasica en honor a su tradici\u00f3n.","breadcrumb":{"@id":"https:\/\/www.caminosalkantay.com\/blog\/descubre-magia-mes-jubilar-cusco-viaje-inolvidable-traves-festividades\/#breadcrumb"},"inLanguage":"es","potentialAction":[{"@type":"ReadAction","target":["https:\/\/www.caminosalkantay.com\/blog\/descubre-magia-mes-jubilar-cusco-viaje-inolvidable-traves-festividades\/"]}]},{"@type":"ImageObject","inLanguage":"es","@id":"https:\/\/www.caminosalkantay.com\/blog\/descubre-magia-mes-jubilar-cusco-viaje-inolvidable-traves-festividades\/#primaryimage","url":"https:\/\/www.caminosalkantay.com\/blog\/wp-content\/uploads\/2023\/06\/Descubre-la-magia-del-mes-jubilar-en-el-Cusco.jpg","contentUrl":"https:\/\/www.caminosalkantay.com\/blog\/wp-content\/uploads\/2023\/06\/Descubre-la-magia-del-mes-jubilar-en-el-Cusco.jpg","width":1920,"height":1249,"caption":"Descubre la magia del mes jubilar en el Cusco"},{"@type":"BreadcrumbList","@id":"https:\/\/www.caminosalkantay.com\/blog\/descubre-magia-mes-jubilar-cusco-viaje-inolvidable-traves-festividades\/#breadcrumb","itemListElement":[{"@type":"ListItem","position":1,"name":"Portada","item":"https:\/\/www.caminosalkantay.com\/blog\/"},{"@type":"ListItem","position":2,"name":"Descubre la magia del mes jubilar en el Cusco: Un viaje inolvidable a trav\u00e9s de sus festividades"}]},{"@type":"WebSite","@id":"https:\/\/www.caminosalkantay.com\/blog\/#website","url":"https:\/\/www.caminosalkantay.com\/blog\/","name":"Informaci\u00f3n de Viajes a Machu Picchu | Cusco | Per\u00fa","description":"Informaci\u00f3n de Viajes a Machu Picchu | Cusco | Per\u00fa","publisher":{"@id":"https:\/\/www.caminosalkantay.com\/blog\/#organization"},"potentialAction":[{"@type":"SearchAction","target":{"@type":"EntryPoint","urlTemplate":"https:\/\/www.caminosalkantay.com\/blog\/?s={search_term_string}"},"query-input":{"@type":"PropertyValueSpecification","valueRequired":true,"valueName":"search_term_string"}}],"inLanguage":"es"},{"@type":"Organization","@id":"https:\/\/www.caminosalkantay.com\/blog\/#organization","name":"Camino Salkantay","url":"https:\/\/www.caminosalkantay.com\/blog\/","logo":{"@type":"ImageObject","inLanguage":"es","@id":"https:\/\/www.caminosalkantay.com\/blog\/#\/schema\/logo\/image\/","url":"https:\/\/www.caminosalkantay.com\/blog\/wp-content\/uploads\/2023\/05\/salkantaytrekking-logo-300x128-1.png","contentUrl":"https:\/\/www.caminosalkantay.com\/blog\/wp-content\/uploads\/2023\/05\/salkantaytrekking-logo-300x128-1.png","width":300,"height":128,"caption":"Camino Salkantay"},"image":{"@id":"https:\/\/www.caminosalkantay.com\/blog\/#\/schema\/logo\/image\/"},"sameAs":["https:\/\/www.facebook.com\/SalkantayTrekking\/","https:\/\/x.com\/salkantayperu","https:\/\/www.tumblr.com\/salkantay-trek","https:\/\/www.instagram.com\/salkantaytrekking\/","https:\/\/www.pinterest.com\/salkantaytrekking\/","https:\/\/www.linkedin.com\/company\/salkantay-trekking"]},{"@type":"Person","@id":"https:\/\/www.caminosalkantay.com\/blog\/#\/schema\/person\/53071c800d0ee3cb98d89c6dffbc171f","name":"Camino Salkantay","image":{"@type":"ImageObject","inLanguage":"es","@id":"https:\/\/secure.gravatar.com\/avatar\/b41678a33c57a2bf0032b7c254611fc97caffd94ade0663405b364d1c0177d1d?s=96&d=mm&r=g","url":"https:\/\/secure.gravatar.com\/avatar\/b41678a33c57a2bf0032b7c254611fc97caffd94ade0663405b364d1c0177d1d?s=96&d=mm&r=g","contentUrl":"https:\/\/secure.gravatar.com\/avatar\/b41678a33c57a2bf0032b7c254611fc97caffd94ade0663405b364d1c0177d1d?s=96&d=mm&r=g","caption":"Camino Salkantay"},"sameAs":["https:\/\/www.caminosalkantay.com\/blog"]}]}},"_links":{"self":[{"href":"https:\/\/www.caminosalkantay.com\/blog\/wp-json\/wp\/v2\/posts\/342","targetHints":{"allow":["GET"]}}],"collection":[{"href":"https:\/\/www.caminosalkantay.com\/blog\/wp-json\/wp\/v2\/posts"}],"about":[{"href":"https:\/\/www.caminosalkantay.com\/blog\/wp-json\/wp\/v2\/types\/post"}],"author":[{"embeddable":true,"href":"https:\/\/www.caminosalkantay.com\/blog\/wp-json\/wp\/v2\/users\/1"}],"replies":[{"embeddable":true,"href":"https:\/\/www.caminosalkantay.com\/blog\/wp-json\/wp\/v2\/comments?post=342"}],"version-history":[{"count":15,"href":"https:\/\/www.caminosalkantay.com\/blog\/wp-json\/wp\/v2\/posts\/342\/revisions"}],"predecessor-version":[{"id":390,"href":"https:\/\/www.caminosalkantay.com\/blog\/wp-json\/wp\/v2\/posts\/342\/revisions\/390"}],"wp:featuredmedia":[{"embeddable":true,"href":"https:\/\/www.caminosalkantay.com\/blog\/wp-json\/wp\/v2\/media\/367"}],"wp:attachment":[{"href":"https:\/\/www.caminosalkantay.com\/blog\/wp-json\/wp\/v2\/media?parent=342"}],"wp:term":[{"taxonomy":"category","embeddable":true,"href":"https:\/\/www.caminosalkantay.com\/blog\/wp-json\/wp\/v2\/categories?post=342"},{"taxonomy":"post_tag","embeddable":true,"href":"https:\/\/www.caminosalkantay.com\/blog\/wp-json\/wp\/v2\/tags?post=342"}],"curies":[{"name":"wp","href":"https:\/\/api.w.org\/{rel}","templated":true}]}}